{"id":2519,"date":"2013-06-25T11:27:42","date_gmt":"2013-06-25T09:27:42","guid":{"rendered":"http:\/\/www.kameli.net\/marq\/?p=2519"},"modified":"2013-06-25T11:35:02","modified_gmt":"2013-06-25T09:35:02","slug":"riparisota","status":"publish","type":"post","link":"http:\/\/www.kameli.net\/marq\/?p=2519","title":{"rendered":"Riparisota"},"content":{"rendered":"<p>Meill\u00e4 on k\u00e4yty kuluneen vuoden verran kovaa tahtojen taistelua. Edess\u00e4 on siint\u00e4nyt koko ajan kasvava musta pilvi. L\u00e4hestyv\u00e4 kes\u00e4. Riparikes\u00e4.<\/p>\n<p>Teini-ik\u00e4inen tytt\u00e4reni on harannut henkisesti vastaan saman verran kuin ottaisi voimille roikkua sormien ja varpaiden kynsill\u00e4 ovensuussa est\u00e4m\u00e4ss\u00e4 jotakin menem\u00e4st\u00e4 siit\u00e4 l\u00e4pi. Meill\u00e4 on keskusteltu ja v\u00e4itelty, itketty ja huudettu ja lopulta vet\u00e4ydytty poteroihin. On yritetty lahjontaa, kiristyst\u00e4, uhkailua ja kaupank\u00e4ynti\u00e4. Riparille voisin h\u00e4net \u00e4\u00e4rimm\u00e4isen pakon edess\u00e4 viel\u00e4 p\u00e4\u00e4st\u00e4\u00e4, mutta teini haluaisi viel\u00e4 konfirmaatioonkin.<\/p>\n<p>Olen yritt\u00e4nyt houkutella tyt\u00e4rt\u00e4 j\u00e4tt\u00e4m\u00e4\u00e4n riparin suosiolla v\u00e4liin. Jos ei muuten, niin edes kirkollisveron vuoksi. Onko siihen ihan niin vakavasti edes pakko suhtautua? Ei sinne kukaan muukaan mene. Tapakristittyj\u00e4h\u00e4n t\u00e4ss\u00e4 on Suomi pullollaan. Mutta ei. Lapselle asia on ollut, voi kai n\u00e4in kuitenkin sanoa, pyh\u00e4.<\/p>\n<p>Keskeiseksi kysymykseksi nousi, kuka saa p\u00e4\u00e4tt\u00e4\u00e4? Onko nelj\u00e4toistavuotias itse valmis ja kyps\u00e4 ratkaisuun? Tiet\u00e4\u00e4k\u00f6 h\u00e4n miten tulee asioista ajattelemaan? Itse en ainakaan tiennyt. Olisin mennyt riparille, ellei minua olisi lahjottu matkalla Amerikkaan. Ateistiksi ryhdyin vasta reilusti my\u00f6hemmin. Prometeus-leirill\u00e4 aika kului l\u00e4hinn\u00e4 pokeria pelatessa ja tukkalakkaa suihkuttaessa.<\/p>\n<p>Riparisotamme alkoi kev\u00e4\u00e4n mittaan tarkoittaa, ett\u00e4 annanko t\u00e4ss\u00e4 tyt\u00f6n tehd\u00e4 p\u00e4\u00e4t\u00f6ksen liitty\u00e4 kirkkoon? Sellaiseen ei mielest\u00e4ni maailman mustavalkoisena hahmottava teini-ik\u00e4inen ole valmis. En olisi halunnut my\u00f6sk\u00e4\u00e4n antaa lapselle sit\u00e4 viesti\u00e4, ett\u00e4 tahtonsa saa l\u00e4pi kun yksinkertaisesti haraa vastaan tarpeeksi kauan. Ja kuitenkin t\u00e4ss\u00e4 on niin k\u00e4ym\u00e4ss\u00e4. \u00c4iti on v\u00e4sytystaktiikalla k\u00e4\u00e4nnytetty. Rippikoulu on k\u00e4yty ja rippileirille ilmoittauduttu. Olen h\u00e4vinnyt t\u00e4m\u00e4n er\u00e4n.<\/p>\n<p>Auktoriteettiani ei ole murrettu, mutta on se kolhuilla. Kirkkoon tyt\u00e4r ei edelleenk\u00e4\u00e4n kuulu. Yksi potero on siis pit\u00e4nyt. Onneksi ateismi on rationaalinen valinta. Uskon, ett\u00e4 tytt\u00f6 tuosta viel\u00e4 j\u00e4rkiintyy.<\/p>\n<p>(eli milt\u00e4 n\u00e4ytt\u00e4isi <a href=\"http:\/\/www.kirkkojakaupunki.fi\/kannanotot\/riparisota\">t\u00e4m\u00e4 artikkeli<\/a> toiseen suuntaan)<\/p>\n","protected":false},"excerpt":{"rendered":"<p>Meill\u00e4 on k\u00e4yty kuluneen vuoden verran kovaa tahtojen taistelua. Edess\u00e4 on siint\u00e4nyt koko ajan kasvava musta pilvi. L\u00e4hestyv\u00e4 kes\u00e4. Riparikes\u00e4. Teini-ik\u00e4inen tytt\u00e4reni on harannut henkisesti vastaan saman verran kuin ottaisi voimille roikkua sormien ja varpaiden kynsill\u00e4 ovensuussa est\u00e4m\u00e4ss\u00e4 jotakin menem\u00e4st\u00e4 siit\u00e4 l\u00e4pi. Meill\u00e4 on keskusteltu ja v\u00e4itelty, itketty ja huudettu ja lopulta vet\u00e4ydytty poteroihin. On [&hellip;]<\/p>\n","protected":false},"author":1,"featured_media":0,"comment_status":"open","ping_status":"closed","sticky":false,"template":"","format":"standard","meta":{"footnotes":""},"categories":[17,1],"tags":[],"class_list":["post-2519","post","type-post","status-publish","format-standard","hentry","category-filosofointi","category-uncategorized"],"_links":{"self":[{"href":"http:\/\/www.kameli.net\/marq\/index.php?rest_route=\/wp\/v2\/posts\/2519","targetHints":{"allow":["GET"]}}],"collection":[{"href":"http:\/\/www.kameli.net\/marq\/index.php?rest_route=\/wp\/v2\/posts"}],"about":[{"href":"http:\/\/www.kameli.net\/marq\/index.php?rest_route=\/wp\/v2\/types\/post"}],"author":[{"embeddable":true,"href":"http:\/\/www.kameli.net\/marq\/index.php?rest_route=\/wp\/v2\/users\/1"}],"replies":[{"embeddable":true,"href":"http:\/\/www.kameli.net\/marq\/index.php?rest_route=%2Fwp%2Fv2%2Fcomments&post=2519"}],"version-history":[{"count":2,"href":"http:\/\/www.kameli.net\/marq\/index.php?rest_route=\/wp\/v2\/posts\/2519\/revisions"}],"predecessor-version":[{"id":2521,"href":"http:\/\/www.kameli.net\/marq\/index.php?rest_route=\/wp\/v2\/posts\/2519\/revisions\/2521"}],"wp:attachment":[{"href":"http:\/\/www.kameli.net\/marq\/index.php?rest_route=%2Fwp%2Fv2%2Fmedia&parent=2519"}],"wp:term":[{"taxonomy":"category","embeddable":true,"href":"http:\/\/www.kameli.net\/marq\/index.php?rest_route=%2Fwp%2Fv2%2Fcategories&post=2519"},{"taxonomy":"post_tag","embeddable":true,"href":"http:\/\/www.kameli.net\/marq\/index.php?rest_route=%2Fwp%2Fv2%2Ftags&post=2519"}],"curies":[{"name":"wp","href":"https:\/\/api.w.org\/{rel}","templated":true}]}}