{"id":3775,"date":"2015-01-14T09:05:52","date_gmt":"2015-01-14T07:05:52","guid":{"rendered":"http:\/\/www.kameli.net\/marq\/?p=3775"},"modified":"2015-01-14T11:02:15","modified_gmt":"2015-01-14T09:02:15","slug":"blade-runner-kierratyksia-ja-korjauksia","status":"publish","type":"post","link":"http:\/\/www.kameli.net\/marq\/?p=3775","title":{"rendered":"Blade Runner: kierr\u00e4tyksi\u00e4 ja korjauksia"},"content":{"rendered":"<p>Blade Runnerissa on lukuisia bloopereita, joita on <a href=\"http:\/\/www.imdb.com\/title\/tt0083658\/trivia?tab=gf&amp;ref_=tt_trv_gf\">listattu IMDb:n sivulla<\/a>. Bugien mets\u00e4st\u00e4j\u00e4n kannattaa suunnata vuoden 1992 <em>Director&#8217;s Cutin<\/em> \u00e4\u00e4relle, sill\u00e4 2007 julkaistussa <em>Final Cutissa<\/em> monia niist\u00e4 on korjailtu pois (mm. replikanttien m\u00e4\u00e4r\u00e4 Bryantin briiffiss\u00e4 ja Zhoran v\u00e4\u00e4r\u00e4 p\u00e4\u00e4 kuolinkohtauksessa). T\u00e4ss\u00e4 kaksi esimerkki\u00e4 hieman toisenlaisista \u2013 t\u00e4ysin tunnettuja n\u00e4m\u00e4kin \u2013 bloopereista, sill\u00e4 n\u00e4ihin liittyy my\u00f6s kuvamateriaalin kierr\u00e4tyst\u00e4 elokuvan my\u00f6hemmist\u00e4 kohtauksista. Molemmat n. kohdassa 24:30 <em>Director&#8217;s Cutissa<\/em>.<\/p>\n\n\t\t<style type=\"text\/css\">\n\t\t\t#gallery-1 {\n\t\t\t\tmargin: auto;\n\t\t\t}\n\t\t\t#gallery-1 .gallery-item {\n\t\t\t\tfloat: left;\n\t\t\t\tmargin-top: 10px;\n\t\t\t\ttext-align: center;\n\t\t\t\twidth: 25%;\n\t\t\t}\n\t\t\t#gallery-1 img {\n\t\t\t\tborder: 2px solid #cfcfcf;\n\t\t\t}\n\t\t\t#gallery-1 .gallery-caption {\n\t\t\t\tmargin-left: 0;\n\t\t\t}\n\t\t\t\/* see gallery_shortcode() in wp-includes\/media.php *\/\n\t\t<\/style>\n\t\t<div id='gallery-1' class='gallery galleryid-3775 gallery-columns-4 gallery-size-thumbnail'><dl class='gallery-item'>\n\t\t\t<dt class='gallery-icon landscape'>\n\t\t\t\t<a href='http:\/\/www.kameli.net\/marq\/wp-content\/uploads\/2015\/01\/br-roy1.png'><img loading=\"lazy\" decoding=\"async\" width=\"150\" height=\"150\" src=\"http:\/\/www.kameli.net\/marq\/wp-content\/uploads\/2015\/01\/br-roy1-150x150.png\" class=\"attachment-thumbnail size-thumbnail\" alt=\"\" aria-describedby=\"gallery-1-3779\" \/><\/a>\n\t\t\t<\/dt>\n\t\t\t\t<dd class='wp-caption-text gallery-caption' id='gallery-1-3779'>\n\t\t\t\tRoy puhelinkopissa k\u00e4si olkap\u00e4\u00e4ll\u00e4 (Director&#8217;s Cut)\n\t\t\t\t<\/dd><\/dl><dl class='gallery-item'>\n\t\t\t<dt class='gallery-icon landscape'>\n\t\t\t\t<a href='http:\/\/www.kameli.net\/marq\/wp-content\/uploads\/2015\/01\/br-roy2.png'><img loading=\"lazy\" decoding=\"async\" width=\"150\" height=\"150\" src=\"http:\/\/www.kameli.net\/marq\/wp-content\/uploads\/2015\/01\/br-roy2-150x150.png\" class=\"attachment-thumbnail size-thumbnail\" alt=\"\" aria-describedby=\"gallery-1-3780\" \/><\/a>\n\t\t\t<\/dt>\n\t\t\t\t<dd class='wp-caption-text gallery-caption' id='gallery-1-3780'>\n\t\t\t\tRoy Tyrellin luona (Director&#8217;s Cut)\n\t\t\t\t<\/dd><\/dl><dl class='gallery-item'>\n\t\t\t<dt class='gallery-icon landscape'>\n\t\t\t\t<a href='http:\/\/www.kameli.net\/marq\/wp-content\/uploads\/2015\/01\/br-roy3.png'><img loading=\"lazy\" decoding=\"async\" width=\"150\" height=\"150\" src=\"http:\/\/www.kameli.net\/marq\/wp-content\/uploads\/2015\/01\/br-roy3-150x150.png\" class=\"attachment-thumbnail size-thumbnail\" alt=\"\" aria-describedby=\"gallery-1-3781\" \/><\/a>\n\t\t\t<\/dt>\n\t\t\t\t<dd class='wp-caption-text gallery-caption' id='gallery-1-3781'>\n\t\t\t\tRoy puhelinkopissa ilman k\u00e4tt\u00e4 (Final Cut)\n\t\t\t\t<\/dd><\/dl>\n\t\t\t<br style='clear: both' \/>\n\t\t<\/div>\n\n<p>Royn olkap\u00e4\u00e4ll\u00e4 on puhelinkopissa mystinen k\u00e4si <em>Director&#8217;s Cutissa\u00a0<\/em>ja todenn\u00e4k\u00f6isesti my\u00f6s sit\u00e4 vanhemmissa versioissa. Paikalla ei ole muita kuin Leon, joka on kuitenkin oven ulkopuolella odottelemassa. My\u00f6s valaistus n\u00e4ytt\u00e4\u00e4 oudon l\u00e4mpim\u00e4lt\u00e4, alaviistolta ja lepattavalta \u2013 kuin kynttil\u00e4nvalolta \u2013 vaikka puhelinkopin katossa on keinovalo. Kynttil\u00f6ist\u00e4 valo tuleekin, sill\u00e4 p\u00e4tk\u00e4 on per\u00e4isin paljon my\u00f6hemm\u00e4st\u00e4 kohtauksesta, jossa Roy on Tyrelli\u00e4 tap(p)aamassa. Kuva on my\u00f6s k\u00e4\u00e4nnetty vaakasuunnassa. Kun Roy astuu kopista pihalle, niin naamalla olevat hikipisarat\/vesi ovat t\u00e4ysin kadonneet. Final Cutissa korjattiin sek\u00e4 irtok\u00e4si, valaistus ett\u00e4 tausta, kuten yl\u00e4puolelta n\u00e4kyy.<\/p>\n\n\t\t<style type=\"text\/css\">\n\t\t\t#gallery-2 {\n\t\t\t\tmargin: auto;\n\t\t\t}\n\t\t\t#gallery-2 .gallery-item {\n\t\t\t\tfloat: left;\n\t\t\t\tmargin-top: 10px;\n\t\t\t\ttext-align: center;\n\t\t\t\twidth: 25%;\n\t\t\t}\n\t\t\t#gallery-2 img {\n\t\t\t\tborder: 2px solid #cfcfcf;\n\t\t\t}\n\t\t\t#gallery-2 .gallery-caption {\n\t\t\t\tmargin-left: 0;\n\t\t\t}\n\t\t\t\/* see gallery_shortcode() in wp-includes\/media.php *\/\n\t\t<\/style>\n\t\t<div id='gallery-2' class='gallery galleryid-3775 gallery-columns-4 gallery-size-thumbnail'><dl class='gallery-item'>\n\t\t\t<dt class='gallery-icon landscape'>\n\t\t\t\t<a href='http:\/\/www.kameli.net\/marq\/wp-content\/uploads\/2015\/01\/br-kasi1.png'><img loading=\"lazy\" decoding=\"async\" width=\"150\" height=\"150\" src=\"http:\/\/www.kameli.net\/marq\/wp-content\/uploads\/2015\/01\/br-kasi1-150x150.png\" class=\"attachment-thumbnail size-thumbnail\" alt=\"\" aria-describedby=\"gallery-2-3776\" \/><\/a>\n\t\t\t<\/dt>\n\t\t\t\t<dd class='wp-caption-text gallery-caption' id='gallery-2-3776'>\n\t\t\t\tK\u00e4si prakaa puhelinkopissa (Director&#8217;s Cut)\n\t\t\t\t<\/dd><\/dl><dl class='gallery-item'>\n\t\t\t<dt class='gallery-icon landscape'>\n\t\t\t\t<a href='http:\/\/www.kameli.net\/marq\/wp-content\/uploads\/2015\/01\/br-kasi4.png'><img loading=\"lazy\" decoding=\"async\" width=\"150\" height=\"150\" src=\"http:\/\/www.kameli.net\/marq\/wp-content\/uploads\/2015\/01\/br-kasi4-150x150.png\" class=\"attachment-thumbnail size-thumbnail\" alt=\"\" aria-describedby=\"gallery-2-3782\" \/><\/a>\n\t\t\t<\/dt>\n\t\t\t\t<dd class='wp-caption-text gallery-caption' id='gallery-2-3782'>\n\t\t\t\tK\u00e4si prakaa J.F. Sebastianin talossa (Director&#8217;s Cut)\n\t\t\t\t<\/dd><\/dl><dl class='gallery-item'>\n\t\t\t<dt class='gallery-icon landscape'>\n\t\t\t\t<a href='http:\/\/www.kameli.net\/marq\/wp-content\/uploads\/2015\/01\/br-kasi2.png'><img loading=\"lazy\" decoding=\"async\" width=\"150\" height=\"150\" src=\"http:\/\/www.kameli.net\/marq\/wp-content\/uploads\/2015\/01\/br-kasi2-150x150.png\" class=\"attachment-thumbnail size-thumbnail\" alt=\"\" aria-describedby=\"gallery-2-3777\" \/><\/a>\n\t\t\t<\/dt>\n\t\t\t\t<dd class='wp-caption-text gallery-caption' id='gallery-2-3777'>\n\t\t\t\tDodii! Naula l\u00e4pi \u2013 sill\u00e4 se korjaantuu.\n\t\t\t\t<\/dd><\/dl><dl class='gallery-item'>\n\t\t\t<dt class='gallery-icon landscape'>\n\t\t\t\t<a href='http:\/\/www.kameli.net\/marq\/wp-content\/uploads\/2015\/01\/br-kasi3.png'><img loading=\"lazy\" decoding=\"async\" width=\"150\" height=\"150\" src=\"http:\/\/www.kameli.net\/marq\/wp-content\/uploads\/2015\/01\/br-kasi3-150x150.png\" class=\"attachment-thumbnail size-thumbnail\" alt=\"\" aria-describedby=\"gallery-2-3778\" \/><\/a>\n\t\t\t<\/dt>\n\t\t\t\t<dd class='wp-caption-text gallery-caption' id='gallery-2-3778'>\n\t\t\t\tK\u00e4si prakaa puhelinkopissa (Final Cut)\n\t\t\t\t<\/dd><\/dl><br style=\"clear: both\" \/>\n\t\t<\/div>\n\n<p>Saman kohtauksen alussa Royn k\u00e4si alkaa vanhuuttaan oikutella samaisessa puhelinkopissa. Valaistuksesta n\u00e4kee j\u00e4lleen, ett\u00e4 ollaan luultavasti jossain hiukan muualla. Viel\u00e4 <em>Director&#8217;s Cutissa<\/em> on huomattava bugi, sill\u00e4 k\u00e4mmensel\u00e4st\u00e4 pilkist\u00e4\u00e4 naula, jonka Roy asentaa vasta aivan elokuvan lopussa ajaessaan Deckardia takaa J.F. Sebastianin asuintalon yl\u00e4kerroksissa. Kuten kuvista ilmenee, l\u00e4hes sama p\u00e4tk\u00e4 l\u00f6ytyy lopusta (k\u00e4si on my\u00f6s h\u00e4mment\u00e4v\u00e4n kuiva huomioiden vetiset olosuhteet).\u00a0<em>Final Cutissa<\/em>\u00a0naulan vilahdus on poistettu ja valaistusta taas digitaalisesti peukaloitu puhelinkoppiin sopivammaksi.<\/p>\n","protected":false},"excerpt":{"rendered":"<p>Blade Runnerissa on lukuisia bloopereita, joita on listattu IMDb:n sivulla. Bugien mets\u00e4st\u00e4j\u00e4n kannattaa suunnata vuoden 1992 Director&#8217;s Cutin \u00e4\u00e4relle, sill\u00e4 2007 julkaistussa Final Cutissa monia niist\u00e4 on korjailtu pois (mm. replikanttien m\u00e4\u00e4r\u00e4 Bryantin briiffiss\u00e4 ja Zhoran v\u00e4\u00e4r\u00e4 p\u00e4\u00e4 kuolinkohtauksessa). T\u00e4ss\u00e4 kaksi esimerkki\u00e4 hieman toisenlaisista \u2013 t\u00e4ysin tunnettuja n\u00e4m\u00e4kin \u2013 bloopereista, sill\u00e4 n\u00e4ihin liittyy my\u00f6s kuvamateriaalin [&hellip;]<\/p>\n","protected":false},"author":1,"featured_media":0,"comment_status":"open","ping_status":"closed","sticky":false,"template":"","format":"standard","meta":{"footnotes":""},"categories":[27],"tags":[],"class_list":["post-3775","post","type-post","status-publish","format-standard","hentry","category-leffat"],"_links":{"self":[{"href":"http:\/\/www.kameli.net\/marq\/index.php?rest_route=\/wp\/v2\/posts\/3775","targetHints":{"allow":["GET"]}}],"collection":[{"href":"http:\/\/www.kameli.net\/marq\/index.php?rest_route=\/wp\/v2\/posts"}],"about":[{"href":"http:\/\/www.kameli.net\/marq\/index.php?rest_route=\/wp\/v2\/types\/post"}],"author":[{"embeddable":true,"href":"http:\/\/www.kameli.net\/marq\/index.php?rest_route=\/wp\/v2\/users\/1"}],"replies":[{"embeddable":true,"href":"http:\/\/www.kameli.net\/marq\/index.php?rest_route=%2Fwp%2Fv2%2Fcomments&post=3775"}],"version-history":[{"count":7,"href":"http:\/\/www.kameli.net\/marq\/index.php?rest_route=\/wp\/v2\/posts\/3775\/revisions"}],"predecessor-version":[{"id":3789,"href":"http:\/\/www.kameli.net\/marq\/index.php?rest_route=\/wp\/v2\/posts\/3775\/revisions\/3789"}],"wp:attachment":[{"href":"http:\/\/www.kameli.net\/marq\/index.php?rest_route=%2Fwp%2Fv2%2Fmedia&parent=3775"}],"wp:term":[{"taxonomy":"category","embeddable":true,"href":"http:\/\/www.kameli.net\/marq\/index.php?rest_route=%2Fwp%2Fv2%2Fcategories&post=3775"},{"taxonomy":"post_tag","embeddable":true,"href":"http:\/\/www.kameli.net\/marq\/index.php?rest_route=%2Fwp%2Fv2%2Ftags&post=3775"}],"curies":[{"name":"wp","href":"https:\/\/api.w.org\/{rel}","templated":true}]}}