{"id":393,"date":"2010-11-21T14:35:15","date_gmt":"2010-11-21T12:35:15","guid":{"rendered":"http:\/\/www.kameli.net\/marq\/?p=393"},"modified":"2011-08-21T11:24:28","modified_gmt":"2011-08-21T09:24:28","slug":"funetist-fesee","status":"publish","type":"post","link":"http:\/\/www.kameli.net\/marq\/?p=393","title":{"rendered":"Funetist Fesee"},"content":{"rendered":"<p>Lukulistalta poistunut t\u00e4ll\u00e4 kertaa luontaista tiet\u00e4 Turun yliopiston digikulttuurin tutkijoiden (Saarikoski, Suominen, Turtiainen ja \u00d6stman) teos <em>Funetista Facebookiin \u2013 Internetin kulttuurihistoria<\/em>. Kirja koostuu tekij\u00f6iden yhdess\u00e4 ja erikseen kirjoittamista artikkeleista, jotka k\u00e4sittelev\u00e4t erilaisia Internetiin liittyvi\u00e4 teemoja, etenkin sen <em>kulttuurista omaksumista<\/em>. Pit\u00e4\u00e4 ruveta k\u00e4ytt\u00e4m\u00e4\u00e4n t\u00e4t\u00e4 termi\u00e4 itsekin, koska se tuntuu olevan niin keskeinen.<\/p>\n<p>Er\u00e4s toistuva, koko kirjan l\u00e4p\u00e4isev\u00e4 teema on se, kuinka 90-luvun puoliv\u00e4liss\u00e4 alkanut Internet-buumi ei syntynyt tyhj\u00e4st\u00e4, vaan oli osa aiempien tapahtumien jatkumoa. Tietoliikenn\u00f6inti ei ollut 90-luvun alussa en\u00e4\u00e4 mik\u00e4\u00e4n kummajainen, vaan BBS:i\u00e4, Telesampoa ja esim. korkeakouluissa my\u00f6s Internet-palveluja (newssit, s\u00e4hk\u00f6posti, IRC, MUD:t) k\u00e4yttiv\u00e4t Suomessakin monet aktiivisesti modeemeillaan. T\u00e4m\u00e4 oli itselleni kirjan kiintoisinta antia, vaikka my\u00f6s loppupuolen artikkelit netin arkip\u00e4iv\u00e4istymisest\u00e4 ja k\u00e4yt\u00e4nt\u00f6jen syntymisest\u00e4 olivat sivist\u00e4vi\u00e4.<\/p>\n<p>Itse soittelin modeemilla purkkeihin joskus 90-luvun alkuvuosina \u2013 sik\u00e4li kun siihen kinuamalla luvan sain \u2013 ja www-sivun muistan n\u00e4hneeni ensimm\u00e4ist\u00e4 kertaa 1995. Korkeakouluopintojen my\u00f6t\u00e4 netink\u00e4ytt\u00f6ni nousi aivan eri tasolle, kun sit\u00e4 ruvettiin k\u00e4ytt\u00e4m\u00e4\u00e4n s\u00e4hk\u00f6postilla kommunikointiin, demojen siirtelyyn ja my\u00f6s kaikenlaisiin koulut\u00f6ihin. Omat kokemukseni menev\u00e4t hyvin yksiin kirjan esitt\u00e4mien kehityskaarien kanssa, mik\u00e4 asetti omaa henkil\u00f6historiaa mukavasti osaksi suurempaa kontekstia.<\/p>\n","protected":false},"excerpt":{"rendered":"<p>Lukulistalta poistunut t\u00e4ll\u00e4 kertaa luontaista tiet\u00e4 Turun yliopiston digikulttuurin tutkijoiden (Saarikoski, Suominen, Turtiainen ja \u00d6stman) teos Funetista Facebookiin \u2013 Internetin kulttuurihistoria. Kirja koostuu tekij\u00f6iden yhdess\u00e4 ja erikseen kirjoittamista artikkeleista, jotka k\u00e4sittelev\u00e4t erilaisia Internetiin liittyvi\u00e4 teemoja, etenkin sen kulttuurista omaksumista. Pit\u00e4\u00e4 ruveta k\u00e4ytt\u00e4m\u00e4\u00e4n t\u00e4t\u00e4 termi\u00e4 itsekin, koska se tuntuu olevan niin keskeinen. Er\u00e4s toistuva, koko kirjan [&hellip;]<\/p>\n","protected":false},"author":1,"featured_media":0,"comment_status":"open","ping_status":"closed","sticky":false,"template":"","format":"standard","meta":{"footnotes":""},"categories":[16],"tags":[],"class_list":["post-393","post","type-post","status-publish","format-standard","hentry","category-kirjat"],"_links":{"self":[{"href":"http:\/\/www.kameli.net\/marq\/index.php?rest_route=\/wp\/v2\/posts\/393","targetHints":{"allow":["GET"]}}],"collection":[{"href":"http:\/\/www.kameli.net\/marq\/index.php?rest_route=\/wp\/v2\/posts"}],"about":[{"href":"http:\/\/www.kameli.net\/marq\/index.php?rest_route=\/wp\/v2\/types\/post"}],"author":[{"embeddable":true,"href":"http:\/\/www.kameli.net\/marq\/index.php?rest_route=\/wp\/v2\/users\/1"}],"replies":[{"embeddable":true,"href":"http:\/\/www.kameli.net\/marq\/index.php?rest_route=%2Fwp%2Fv2%2Fcomments&post=393"}],"version-history":[{"count":2,"href":"http:\/\/www.kameli.net\/marq\/index.php?rest_route=\/wp\/v2\/posts\/393\/revisions"}],"predecessor-version":[{"id":720,"href":"http:\/\/www.kameli.net\/marq\/index.php?rest_route=\/wp\/v2\/posts\/393\/revisions\/720"}],"wp:attachment":[{"href":"http:\/\/www.kameli.net\/marq\/index.php?rest_route=%2Fwp%2Fv2%2Fmedia&parent=393"}],"wp:term":[{"taxonomy":"category","embeddable":true,"href":"http:\/\/www.kameli.net\/marq\/index.php?rest_route=%2Fwp%2Fv2%2Fcategories&post=393"},{"taxonomy":"post_tag","embeddable":true,"href":"http:\/\/www.kameli.net\/marq\/index.php?rest_route=%2Fwp%2Fv2%2Ftags&post=393"}],"curies":[{"name":"wp","href":"https:\/\/api.w.org\/{rel}","templated":true}]}}