{"id":409,"date":"2010-12-14T12:08:57","date_gmt":"2010-12-14T10:08:57","guid":{"rendered":"http:\/\/www.kameli.net\/marq\/?p=409"},"modified":"2011-08-21T11:23:57","modified_gmt":"2011-08-21T09:23:57","slug":"tietokoneiden-historiallista-historiaa","status":"publish","type":"post","link":"http:\/\/www.kameli.net\/marq\/?p=409","title":{"rendered":"Tietokoneiden historiallista historiaa"},"content":{"rendered":"<p>Historiallisesta mielenkiinnosta haukkasin v\u00e4lipalana kirjan <em>Mikrotietokone Suomessa 1973\u20131993<\/em>. Kirja koostuu lukuisasta joukosta eri kirjoittajien muistelmia. Seitsem\u00e4ntoista vuoden ik\u00e4inen teos on nykyp\u00e4iv\u00e4n perspektiivist\u00e4 kiintoisa l\u00e4hinn\u00e4 siksi, ett\u00e4 se tarjoaa aikalaisn\u00e4kemyksen vuoden 1993 tilanteeseen ja siihen, millaisena tietokoneiden historia tuolloin koettiin.<\/p>\n<p>Jos jokin kirja edustaa tyylipuhdasta nk. insin\u00f6\u00f6rihistoriaa, niin se on juuri t\u00e4m\u00e4. Keskeisi\u00e4 teemoja ovat konemerkit, prosessorit ja j\u00e4lleenmyyj\u00e4t. 80-luvun mikrokuumeen lapselle \u2013 itselleni \u2013 oli hetkitt\u00e4in suorastaan tuskallista lukea kymmenenteen kertaan siit\u00e4, kuinka IBM PC korvasi CP\/M:n ja valtasi v\u00e4\u00e4j\u00e4\u00e4m\u00e4tt\u00e4 tietokonemarkkinat Windowsin kera. Miss\u00e4 on Commodore 64, miss\u00e4 Amiga, miss\u00e4 Atari ST?<\/p>\n<p>Alan bisneshenkisill\u00e4 ammattilaisilla n\u00e4ytt\u00e4\u00e4 olleen varsin erilainen kuva aikakauden tapahtumista kuin saman aikakauden harrastajalla. Harrastajan\u00e4k\u00f6kulma ja tietotekniikan kotiutuminen nousevat esiin sent\u00e4\u00e4n muutamaan otteeseen, l\u00e4hinn\u00e4 Seppo Uusituvan, Osmo A. Wiion ja Marjut Vuotilan artikkeleissa. Muista jutuista mieleen j\u00e4i parhaiten Mikko Set\u00e4l\u00e4n <em>Monenlaiset myyj\u00e4t<\/em>, poikkeuksellisen n\u00e4kemyksellinen p\u00e4tk\u00e4 suomalaisesta mikrotietokonekaupasta.<\/p>\n","protected":false},"excerpt":{"rendered":"<p>Historiallisesta mielenkiinnosta haukkasin v\u00e4lipalana kirjan Mikrotietokone Suomessa 1973\u20131993. Kirja koostuu lukuisasta joukosta eri kirjoittajien muistelmia. Seitsem\u00e4ntoista vuoden ik\u00e4inen teos on nykyp\u00e4iv\u00e4n perspektiivist\u00e4 kiintoisa l\u00e4hinn\u00e4 siksi, ett\u00e4 se tarjoaa aikalaisn\u00e4kemyksen vuoden 1993 tilanteeseen ja siihen, millaisena tietokoneiden historia tuolloin koettiin. Jos jokin kirja edustaa tyylipuhdasta nk. insin\u00f6\u00f6rihistoriaa, niin se on juuri t\u00e4m\u00e4. Keskeisi\u00e4 teemoja ovat konemerkit, [&hellip;]<\/p>\n","protected":false},"author":1,"featured_media":0,"comment_status":"open","ping_status":"closed","sticky":false,"template":"","format":"standard","meta":{"footnotes":""},"categories":[16],"tags":[],"class_list":["post-409","post","type-post","status-publish","format-standard","hentry","category-kirjat"],"_links":{"self":[{"href":"http:\/\/www.kameli.net\/marq\/index.php?rest_route=\/wp\/v2\/posts\/409","targetHints":{"allow":["GET"]}}],"collection":[{"href":"http:\/\/www.kameli.net\/marq\/index.php?rest_route=\/wp\/v2\/posts"}],"about":[{"href":"http:\/\/www.kameli.net\/marq\/index.php?rest_route=\/wp\/v2\/types\/post"}],"author":[{"embeddable":true,"href":"http:\/\/www.kameli.net\/marq\/index.php?rest_route=\/wp\/v2\/users\/1"}],"replies":[{"embeddable":true,"href":"http:\/\/www.kameli.net\/marq\/index.php?rest_route=%2Fwp%2Fv2%2Fcomments&post=409"}],"version-history":[{"count":2,"href":"http:\/\/www.kameli.net\/marq\/index.php?rest_route=\/wp\/v2\/posts\/409\/revisions"}],"predecessor-version":[{"id":716,"href":"http:\/\/www.kameli.net\/marq\/index.php?rest_route=\/wp\/v2\/posts\/409\/revisions\/716"}],"wp:attachment":[{"href":"http:\/\/www.kameli.net\/marq\/index.php?rest_route=%2Fwp%2Fv2%2Fmedia&parent=409"}],"wp:term":[{"taxonomy":"category","embeddable":true,"href":"http:\/\/www.kameli.net\/marq\/index.php?rest_route=%2Fwp%2Fv2%2Fcategories&post=409"},{"taxonomy":"post_tag","embeddable":true,"href":"http:\/\/www.kameli.net\/marq\/index.php?rest_route=%2Fwp%2Fv2%2Ftags&post=409"}],"curies":[{"name":"wp","href":"https:\/\/api.w.org\/{rel}","templated":true}]}}