{"id":427,"date":"2011-01-29T13:34:50","date_gmt":"2011-01-29T11:34:50","guid":{"rendered":"http:\/\/www.kameli.net\/marq\/?p=427"},"modified":"2011-08-21T11:23:04","modified_gmt":"2011-08-21T09:23:04","slug":"meediakylttyyri","status":"publish","type":"post","link":"http:\/\/www.kameli.net\/marq\/?p=427","title":{"rendered":"Meediakylttyyri"},"content":{"rendered":"<p>Pitk\u00e4n tahkoamisen j\u00e4lkeen lukulistalta poistui Douglas Kellnerin <em>Media Culture<\/em> (1995). Alan perusteoksia, joka olisi varmaan pit\u00e4nyt lukea jo aikap\u00e4ivi\u00e4 sitten, mutta parempi my\u00f6h\u00e4\u00e4n jne. Vuonna 1995, kuusitoista vuotta sitten, maailma on n\u00e4ytt\u00e4nyt erilaiselta, joten k\u00e4sitelt\u00e4v\u00e4t ilmi\u00f6t eiv\u00e4t ole en\u00e4\u00e4 l\u00e4hesk\u00e4\u00e4n yht\u00e4 ajankohtaisia: Madonna ja Michael Jackson ovat kadonneet kartalta, rap-musiikki on muuttanut muotoaan, eiv\u00e4tk\u00e4 Beavis ja Butt-head en\u00e4\u00e4 aiheuta pahennusta (<em>South Park<\/em> her\u00e4tti vastaavaa kohua vuosikymmen my\u00f6hemmin).<\/p>\n<p>Oppikirjaksi \u2013 tai ainakin oppikirjana k\u00e4ytett\u00e4v\u00e4ksi teokseksi \u2013 <em>Media Culture<\/em> on yll\u00e4tt\u00e4v\u00e4n poliittinen. N\u00e4k\u00f6kulmaa voisi v\u00e4itt\u00e4\u00e4 jopa vasemmistolaiseksi, sill\u00e4 demokratiaa, ihmisoikeuksia ja v\u00e4hemmist\u00f6jen oikeuksia korostetaan joka v\u00e4liss\u00e4. Vastaavasti Reaganin ja vanhemman Bushin konservatiivinen hallinto saa jyrk\u00e4n tuomion kautta linjan. Kovin toiveikkaasti ei Kellner suhtaudu my\u00f6sk\u00e4\u00e4n Clintoniin. Positiivista n\u00e4hd\u00e4 t\u00e4llaista vastan\u00e4k\u00f6kulmaa amerikkalaisessa kirjassa, vaikka v\u00e4lill\u00e4 analyyttinen ote unohtuu politikoinnin tielt\u00e4.<\/p>\n<p>Kellner kutsuu tutkimusmetodiaan nimell\u00e4 <em>diagnostic critique<\/em> ja soveltaa sit\u00e4 aikansa populaarikulttuurin ilmi\u00f6ihin kuten Ramboon, Madonnaan ja cyberpunkiin. Harmi kyll\u00e4 metodi tulee esille l\u00e4hinn\u00e4 esimerkkien kautta, eik\u00e4 sit\u00e4 ole eksplisiittisesti esitelty miss\u00e4\u00e4n. Ajatuksia aiheesta kyll\u00e4 her\u00e4\u00e4, mutta jos samaa metodia haluaisi soveltaa itse, pit\u00e4\u00e4 se kasailla palasista.<\/p>\n","protected":false},"excerpt":{"rendered":"<p>Pitk\u00e4n tahkoamisen j\u00e4lkeen lukulistalta poistui Douglas Kellnerin Media Culture (1995). Alan perusteoksia, joka olisi varmaan pit\u00e4nyt lukea jo aikap\u00e4ivi\u00e4 sitten, mutta parempi my\u00f6h\u00e4\u00e4n jne. Vuonna 1995, kuusitoista vuotta sitten, maailma on n\u00e4ytt\u00e4nyt erilaiselta, joten k\u00e4sitelt\u00e4v\u00e4t ilmi\u00f6t eiv\u00e4t ole en\u00e4\u00e4 l\u00e4hesk\u00e4\u00e4n yht\u00e4 ajankohtaisia: Madonna ja Michael Jackson ovat kadonneet kartalta, rap-musiikki on muuttanut muotoaan, eiv\u00e4tk\u00e4 Beavis [&hellip;]<\/p>\n","protected":false},"author":1,"featured_media":0,"comment_status":"open","ping_status":"closed","sticky":false,"template":"","format":"standard","meta":{"footnotes":""},"categories":[16],"tags":[],"class_list":["post-427","post","type-post","status-publish","format-standard","hentry","category-kirjat"],"_links":{"self":[{"href":"http:\/\/www.kameli.net\/marq\/index.php?rest_route=\/wp\/v2\/posts\/427","targetHints":{"allow":["GET"]}}],"collection":[{"href":"http:\/\/www.kameli.net\/marq\/index.php?rest_route=\/wp\/v2\/posts"}],"about":[{"href":"http:\/\/www.kameli.net\/marq\/index.php?rest_route=\/wp\/v2\/types\/post"}],"author":[{"embeddable":true,"href":"http:\/\/www.kameli.net\/marq\/index.php?rest_route=\/wp\/v2\/users\/1"}],"replies":[{"embeddable":true,"href":"http:\/\/www.kameli.net\/marq\/index.php?rest_route=%2Fwp%2Fv2%2Fcomments&post=427"}],"version-history":[{"count":2,"href":"http:\/\/www.kameli.net\/marq\/index.php?rest_route=\/wp\/v2\/posts\/427\/revisions"}],"predecessor-version":[{"id":711,"href":"http:\/\/www.kameli.net\/marq\/index.php?rest_route=\/wp\/v2\/posts\/427\/revisions\/711"}],"wp:attachment":[{"href":"http:\/\/www.kameli.net\/marq\/index.php?rest_route=%2Fwp%2Fv2%2Fmedia&parent=427"}],"wp:term":[{"taxonomy":"category","embeddable":true,"href":"http:\/\/www.kameli.net\/marq\/index.php?rest_route=%2Fwp%2Fv2%2Fcategories&post=427"},{"taxonomy":"post_tag","embeddable":true,"href":"http:\/\/www.kameli.net\/marq\/index.php?rest_route=%2Fwp%2Fv2%2Ftags&post=427"}],"curies":[{"name":"wp","href":"https:\/\/api.w.org\/{rel}","templated":true}]}}