{"id":483,"date":"2011-02-18T12:50:38","date_gmt":"2011-02-18T10:50:38","guid":{"rendered":"http:\/\/www.kameli.net\/marq\/?p=483"},"modified":"2011-08-21T11:21:00","modified_gmt":"2011-08-21T09:21:00","slug":"digitaalinen-kylddyyri","status":"publish","type":"post","link":"http:\/\/www.kameli.net\/marq\/?p=483","title":{"rendered":"Digitaalinen kylddyyri"},"content":{"rendered":"<p>L\u00e4hes noloa kahlata l\u00e4pi t\u00e4llaisia perusteoksia, jotka muut ovat lukeneet jo aikap\u00e4ivi\u00e4 osana kandiopintojaan, mutta jotenkin on vuosien muualla haahuilu kompensoitava! Luettuna nyt Charlie Geren <em>Digital Culture<\/em>. Vaihteeksi aika iisi\u00e4 materiaalia eik\u00e4 sivujakaan ollut viitt\u00e4sataa. Teoksen nimi voisi olla yht\u00e4 hyvin &#8220;History of New Media&#8221;, sill\u00e4 mukana on paljon teknologisia virstanpylv\u00e4it\u00e4, joiden historiaa taustoitetaan eri tavoin. Kulttuurisia kytk\u00f6ksi\u00e4 tehd\u00e4\u00e4n erityisesti loppupuolella, jossa uuden median kentt\u00e4\u00e4 rinnastetaan aiempaan avant garde -taiteeseen, aktivismiin, filosofiaan ynn\u00e4 muuhun. V\u00e4lill\u00e4 linjanvedot vaikuttavat kaukaa haetuilta tai henkil\u00f6kohtaisilta mieltymyksilt\u00e4, kun esim. John Cagen katsotaan olleen merkitt\u00e4v\u00e4 taustavaikuttaja digitaalisessa kulttuurissa. Etenkin tekninen historia oli itselleni jo valtaosin tuttua, joten sik\u00e4li oppiminen j\u00e4i v\u00e4h\u00e4iseksi, mutta toimii kirja ainakin mielenkiintoisena esimerkkin\u00e4 vaihtoehtoisesta n\u00e4k\u00f6kulmasta tuttuihin asioihin.<\/p>\n","protected":false},"excerpt":{"rendered":"<p>L\u00e4hes noloa kahlata l\u00e4pi t\u00e4llaisia perusteoksia, jotka muut ovat lukeneet jo aikap\u00e4ivi\u00e4 osana kandiopintojaan, mutta jotenkin on vuosien muualla haahuilu kompensoitava! Luettuna nyt Charlie Geren Digital Culture. Vaihteeksi aika iisi\u00e4 materiaalia eik\u00e4 sivujakaan ollut viitt\u00e4sataa. Teoksen nimi voisi olla yht\u00e4 hyvin &#8220;History of New Media&#8221;, sill\u00e4 mukana on paljon teknologisia virstanpylv\u00e4it\u00e4, joiden historiaa taustoitetaan eri [&hellip;]<\/p>\n","protected":false},"author":1,"featured_media":0,"comment_status":"open","ping_status":"closed","sticky":false,"template":"","format":"standard","meta":{"footnotes":""},"categories":[16],"tags":[],"class_list":["post-483","post","type-post","status-publish","format-standard","hentry","category-kirjat"],"_links":{"self":[{"href":"http:\/\/www.kameli.net\/marq\/index.php?rest_route=\/wp\/v2\/posts\/483","targetHints":{"allow":["GET"]}}],"collection":[{"href":"http:\/\/www.kameli.net\/marq\/index.php?rest_route=\/wp\/v2\/posts"}],"about":[{"href":"http:\/\/www.kameli.net\/marq\/index.php?rest_route=\/wp\/v2\/types\/post"}],"author":[{"embeddable":true,"href":"http:\/\/www.kameli.net\/marq\/index.php?rest_route=\/wp\/v2\/users\/1"}],"replies":[{"embeddable":true,"href":"http:\/\/www.kameli.net\/marq\/index.php?rest_route=%2Fwp%2Fv2%2Fcomments&post=483"}],"version-history":[{"count":2,"href":"http:\/\/www.kameli.net\/marq\/index.php?rest_route=\/wp\/v2\/posts\/483\/revisions"}],"predecessor-version":[{"id":702,"href":"http:\/\/www.kameli.net\/marq\/index.php?rest_route=\/wp\/v2\/posts\/483\/revisions\/702"}],"wp:attachment":[{"href":"http:\/\/www.kameli.net\/marq\/index.php?rest_route=%2Fwp%2Fv2%2Fmedia&parent=483"}],"wp:term":[{"taxonomy":"category","embeddable":true,"href":"http:\/\/www.kameli.net\/marq\/index.php?rest_route=%2Fwp%2Fv2%2Fcategories&post=483"},{"taxonomy":"post_tag","embeddable":true,"href":"http:\/\/www.kameli.net\/marq\/index.php?rest_route=%2Fwp%2Fv2%2Ftags&post=483"}],"curies":[{"name":"wp","href":"https:\/\/api.w.org\/{rel}","templated":true}]}}