{"id":6506,"date":"2021-06-08T16:07:54","date_gmt":"2021-06-08T14:07:54","guid":{"rendered":"http:\/\/www.kameli.net\/marq\/?p=6506"},"modified":"2021-06-08T16:15:24","modified_gmt":"2021-06-08T14:15:24","slug":"anti-korona-uusi-vitsaus","status":"publish","type":"post","link":"http:\/\/www.kameli.net\/marq\/?p=6506","title":{"rendered":"Antikorona \u2013 taas uusi vitsaus"},"content":{"rendered":"\n<p>Tarkkasilm\u00e4iset lukijat ovat esim. Ylen verkkosivua seuratessaan varmasti huomanneet toisinaan seuraavanlaisia, ensinn\u00e4 oudoilta vaikuttavia lukemia:<\/p>\n\n\n\n<div class=\"wp-block-image\"><figure class=\"aligncenter size-large\"><a href=\"http:\/\/www.kameli.net\/marq\/wp-content\/uploads\/2021\/06\/antikorona.png\"><img loading=\"lazy\" decoding=\"async\" width=\"526\" height=\"213\" src=\"http:\/\/www.kameli.net\/marq\/wp-content\/uploads\/2021\/06\/antikorona.png\" alt=\"\" class=\"wp-image-6507\" srcset=\"http:\/\/www.kameli.net\/marq\/wp-content\/uploads\/2021\/06\/antikorona.png 526w, http:\/\/www.kameli.net\/marq\/wp-content\/uploads\/2021\/06\/antikorona-300x121.png 300w\" sizes=\"auto, (max-width: 526px) 100vw, 526px\" \/><\/a><figcaption>Vantaan t\u00e4m\u00e4np\u00e4iv\u00e4iset lukemat ovat jo todella pahoja.<\/figcaption><\/figure><\/div>\n\n\n\n<p>Miten ihmeess\u00e4 tartuntam\u00e4\u00e4r\u00e4 voi olla negatiivinen, sill\u00e4 eih\u00e4n parantuneita kirjata n\u00e4ihin tilastoihin? L\u00e4\u00e4ketieteeseen perehtym\u00e4tt\u00f6mille kerrottakoon lyhyesti, ett\u00e4 kyse on Vantaalla riehuvasta pahasta <em>antikoronaepidemiasta.<\/em> Siin\u00e4, miss\u00e4 jo toista vuotta riesanamme ollut COVID-19 l\u00e4hti liikkeelle Wuhanista, COVID+19 on per\u00e4isin t\u00e4sm\u00e4lleen toiselta puolelta maapalloa, Argentiinan La Riojasta. Tyypilliset oireet ovat juuri p\u00e4invastaisia kuin tutummassa koronassa:<\/p>\n\n\n\n<ul class=\"wp-block-list\"><li>Pirteys<\/li><li>Hyvinvointi<\/li><li>Normaali ruumiinl\u00e4mp\u00f6<\/li><li>Vatsan mainio toiminta<\/li><li>Hengityksen helppous<\/li><li>P\u00e4\u00e4ns\u00e4rytt\u00f6myys<\/li><\/ul>\n\n\n\n<p>Kuten ilmeist\u00e4 lienee, sairastuneelle antikorona ei ole ep\u00e4miellytt\u00e4v\u00e4 tai vaarallinen sairaus. Todellinen vaara piileekin siin\u00e4, jos koronaan ja antikoronaan sairastunut henkil\u00f6 sattuvat samaan tilaan. Fysiikasta muistamme, miten k\u00e4y materian ja antimaterian t\u00f6rm\u00e4tess\u00e4. Aivan oikein: <em>valtava r\u00e4j\u00e4hdys ja molemmat katoavat<\/em>.<\/p>\n","protected":false},"excerpt":{"rendered":"<p>Tarkkasilm\u00e4iset lukijat ovat esim. Ylen verkkosivua seuratessaan varmasti huomanneet toisinaan seuraavanlaisia, ensinn\u00e4 oudoilta vaikuttavia lukemia: Miten ihmeess\u00e4 tartuntam\u00e4\u00e4r\u00e4 voi olla negatiivinen, sill\u00e4 eih\u00e4n parantuneita kirjata n\u00e4ihin tilastoihin? L\u00e4\u00e4ketieteeseen perehtym\u00e4tt\u00f6mille kerrottakoon lyhyesti, ett\u00e4 kyse on Vantaalla riehuvasta pahasta antikoronaepidemiasta. Siin\u00e4, miss\u00e4 jo toista vuotta riesanamme ollut COVID-19 l\u00e4hti liikkeelle Wuhanista, COVID+19 on per\u00e4isin t\u00e4sm\u00e4lleen toiselta puolelta [&hellip;]<\/p>\n","protected":false},"author":1,"featured_media":0,"comment_status":"open","ping_status":"","sticky":false,"template":"","format":"standard","meta":{"footnotes":""},"categories":[17,1],"tags":[],"class_list":["post-6506","post","type-post","status-publish","format-standard","hentry","category-filosofointi","category-uncategorized"],"_links":{"self":[{"href":"http:\/\/www.kameli.net\/marq\/index.php?rest_route=\/wp\/v2\/posts\/6506","targetHints":{"allow":["GET"]}}],"collection":[{"href":"http:\/\/www.kameli.net\/marq\/index.php?rest_route=\/wp\/v2\/posts"}],"about":[{"href":"http:\/\/www.kameli.net\/marq\/index.php?rest_route=\/wp\/v2\/types\/post"}],"author":[{"embeddable":true,"href":"http:\/\/www.kameli.net\/marq\/index.php?rest_route=\/wp\/v2\/users\/1"}],"replies":[{"embeddable":true,"href":"http:\/\/www.kameli.net\/marq\/index.php?rest_route=%2Fwp%2Fv2%2Fcomments&post=6506"}],"version-history":[{"count":5,"href":"http:\/\/www.kameli.net\/marq\/index.php?rest_route=\/wp\/v2\/posts\/6506\/revisions"}],"predecessor-version":[{"id":6512,"href":"http:\/\/www.kameli.net\/marq\/index.php?rest_route=\/wp\/v2\/posts\/6506\/revisions\/6512"}],"wp:attachment":[{"href":"http:\/\/www.kameli.net\/marq\/index.php?rest_route=%2Fwp%2Fv2%2Fmedia&parent=6506"}],"wp:term":[{"taxonomy":"category","embeddable":true,"href":"http:\/\/www.kameli.net\/marq\/index.php?rest_route=%2Fwp%2Fv2%2Fcategories&post=6506"},{"taxonomy":"post_tag","embeddable":true,"href":"http:\/\/www.kameli.net\/marq\/index.php?rest_route=%2Fwp%2Fv2%2Ftags&post=6506"}],"curies":[{"name":"wp","href":"https:\/\/api.w.org\/{rel}","templated":true}]}}