{"id":6549,"date":"2021-08-22T13:12:37","date_gmt":"2021-08-22T11:12:37","guid":{"rendered":"http:\/\/www.kameli.net\/marq\/?p=6549"},"modified":"2022-02-07T08:25:36","modified_gmt":"2022-02-07T06:25:36","slug":"maakunta-feelgood-1-0-ja-2-0","status":"publish","type":"post","link":"http:\/\/www.kameli.net\/marq\/?p=6549","title":{"rendered":"Maakunta-feelgood 1.0 ja 2.0"},"content":{"rendered":"\n<p>Suurimpien keltaisten lehtiemme, Iltalehden ja Ilta-Sanomien, kotipaikka on Helsinki ja niiden toimittajatkin ep\u00e4ilem\u00e4tt\u00e4 edustavat urbaania v\u00e4est\u00f6\u00e4. Pikkupaikkakunnilla ymp\u00e4ri Suomen on kuitenkin runsaasti maksukykyist\u00e4 v\u00e4est\u00f6\u00e4, joten miten pit\u00e4\u00e4 tilaajakunta tyytyv\u00e4isen\u00e4 ja mahdollisimman laajana? Er\u00e4s juuri t\u00e4h\u00e4n tarkoitukseen suunnattu genre on <em>maakunta-feelgood<\/em>, jonka tutuimpia edustajia ovat varmasti n\u00e4m\u00e4:<\/p>\n\n\n\n<ul class=\"wp-block-list\"><li><a href=\"https:\/\/www.is.fi\/kotimaa\/art-2000005881424.html\">Talvi yll\u00e4tti taas autoilijat Helsingiss\u00e4 \u2013 kolareita jopa kymmeni\u00e4<\/a><\/li><li><a href=\"https:\/\/www.is.fi\/kotimaa\/art-2000001944844.html\">Talvi yll\u00e4tti j\u00e4lleen kerran autoilijat \u2013 pelti rytissyt etel\u00e4ss\u00e4 jo 80 onnettomuuden verran<\/a><\/li><li><a href=\"https:\/\/www.iltalehti.fi\/talviurheilu\/a\/f5f294c0-7362-430b-994e-cf0ce6c9ea10\">Lumimyrsky p\u00e4\u00e4kaupunkiseudulla \u2013 Vantaalla hiihdet\u00e4\u00e4n Suomen cupia: \u201dEtel\u00e4n vetel\u00e4t eiv\u00e4t ole tottuneet\u201d<\/a><\/li><\/ul>\n\n\n\n<p>Autioituvalla maaseudulla saa hetken kokea l\u00e4mmint\u00e4 vahingoniloa, kun Helsingin v\u00e4ssyk\u00e4t eiv\u00e4t p\u00e4rj\u00e4\u00e4 pikku lumipyryss\u00e4. Eiv\u00e4tk\u00e4 ne osaa siell\u00e4 tunnetusti autollakaan ajaa. Kuten otsikoista n\u00e4kyy, talvi yll\u00e4tti <em>taas<\/em> autoilijat, mist\u00e4 voi aistia jo tietty\u00e4 urautumista ja innon lopahdusta. Maakunta-feelgood 1.0 ei taida en\u00e4\u00e4 ilahduttaa entiseen tapaan, joten mik\u00e4 neuvoksi? L\u00e4\u00e4kkeeksi n\u00e4ytt\u00e4\u00e4 l\u00f6ytyneen maakunta-feelgood 2.0:<\/p>\n\n\n\n<ul class=\"wp-block-list\"><li><a href=\"http:\/\/Helsinkil\u00e4inen Inari muutti Lappiin ja tajusi kyseenalaiset ajatuksensa \u2013 ymm\u00e4rsi lappilaisten kiukun syyn\">Helsinkil\u00e4inen Inari muutti Lappiin ja tajusi kyseenalaiset ajatuksensa \u2013 ymm\u00e4rsi lappilaisten kiukun syyn<\/a><\/li><li><a href=\"https:\/\/www.iltalehti.fi\/asumisartikkelit\/a\/fcf76cfc-37c7-4659-a6ea-83d2b0a9cfab\">Omanlainen el\u00e4m\u00e4<\/a><\/li><\/ul>\n\n\n\n<p>Jos oli 1.0:n kosiskelu l\u00e4pin\u00e4kyv\u00e4\u00e4, niin 2.0:ssa soitellaan sielun herkki\u00e4 kieli\u00e4 viel\u00e4 ilmeisemmin. Molemmissa esimerkeiss\u00e4 j\u00e4tet\u00e4\u00e4n tietysti kaupungin kiire taakse, ollaan onnellisempia, elet\u00e4\u00e4n kauniin luonnon kanssa sopusoinnussa ja niin edesp\u00e4in, mutta moisten itsest\u00e4\u00e4nselvyyksien lis\u00e4ksi tarvitaan viel\u00e4 jokunen kunnon koukku. Inarin tapauksessa aiemmin vieraantunut kaupunkilainen huolestuu polttoaineen korkeasta verotuksesta (STOP! Autoilijoiden kuritukselle!) ja j\u00e4lkimm\u00e4isess\u00e4 puolestaan pitk\u00e4n linjan kasvissy\u00f6j\u00e4 ostaa puolikkaan peuran ja pilkkoo sen pakkaseen. Ai ett\u00e4, millaista eheytymist\u00e4!<\/p>\n\n\n\n<p>En toki sano, etteik\u00f6 n\u00e4iss\u00e4 pl\u00e4j\u00e4yksiss\u00e4 olisi paljon tottakin: varmasti moni maallemuuttaja voi olla aidosti tyytyv\u00e4isempi uuteen el\u00e4m\u00e4\u00e4ns\u00e4. Agenda paistaa kuitenkin niin selv\u00e4sti l\u00e4pi, ett\u00e4 sit\u00e4 ei voi mitenk\u00e4\u00e4n olla huomaamatta. Ent\u00e4p\u00e4 miss\u00e4 ovat vastakkaiset artikkelit? <em>Marjo muutti umpimieliselt\u00e4 maaseudulta Helsinkiin ja on nyt aivan helvetin tyytyv\u00e4inen, kun palvelut, koulut ja ty\u00f6t ovat l\u00e4hell\u00e4<\/em> \ud83d\ude42<\/p>\n\n\n\n<p><em>edit: IL taas asian ytimess\u00e4, <a href=\"https:\/\/www.iltalehti.fi\/kotimaa\/a\/d85e7052-97cb-41cf-95c3-7177be62a9cc\">\u00c4iti antaa Veetille, 12, aseen ja vie h\u00e4net ampumaan el\u00e4imi\u00e4<\/a>.<\/em><\/p>\n\n\n\n<p><em>edit2: Maakunta-feelgoodin t\u00e4ydellinen antiteesi: <a href=\"https:\/\/yle.fi\/uutiset\/3-12172579\">K\u00e4pykyl\u00e4n tyt\u00f6t eiv\u00e4t halua rakastua oman kyl\u00e4n poikiin<\/a><\/em><\/p>\n\n\n\n<p><em>edit3: <a href=\"https:\/\/www.is.fi\/kotimaa\/art-2000008308765.html\">Mutta sitten taas aitoa asiaa<\/a><\/em><\/p>\n\n\n\n<p><em>edit4: <a href=\"https:\/\/www.iltalehti.fi\/kotimaa\/a\/c6183346-327c-495e-b973-48e08fd3bca6\">T\u00e4t\u00e4h\u00e4n n\u00e4emm\u00e4 riittelee<\/a><\/em><\/p>\n\n\n\n<p><em>edit5: Ylekin kantaa <a href=\"https:\/\/yle.fi\/aihe\/a\/20-10001818\">kortensa kekoon<\/a><\/em><\/p>\n\n\n\n<p><em>edit6: Voi ei, <a href=\"https:\/\/www.iltalehti.fi\/kotimaa\/a\/10b8197b-fcd8-4b52-8b14-7d827f6ba60e\">ik\u00e4v\u00e4 artikkeli<\/a><\/em><\/p>\n\n\n\n<p><em>edit7: <a href=\"https:\/\/yle.fi\/uutiset\/3-12301834\">Yliopistoh\u00f6mp\u00f6tyksist\u00e4 raikkaaseen luontoon<\/a><\/em><\/p>\n","protected":false},"excerpt":{"rendered":"<p>Suurimpien keltaisten lehtiemme, Iltalehden ja Ilta-Sanomien, kotipaikka on Helsinki ja niiden toimittajatkin ep\u00e4ilem\u00e4tt\u00e4 edustavat urbaania v\u00e4est\u00f6\u00e4. Pikkupaikkakunnilla ymp\u00e4ri Suomen on kuitenkin runsaasti maksukykyist\u00e4 v\u00e4est\u00f6\u00e4, joten miten pit\u00e4\u00e4 tilaajakunta tyytyv\u00e4isen\u00e4 ja mahdollisimman laajana? Er\u00e4s juuri t\u00e4h\u00e4n tarkoitukseen suunnattu genre on maakunta-feelgood, jonka tutuimpia edustajia ovat varmasti n\u00e4m\u00e4: Talvi yll\u00e4tti taas autoilijat Helsingiss\u00e4 \u2013 kolareita jopa kymmeni\u00e4 [&hellip;]<\/p>\n","protected":false},"author":1,"featured_media":0,"comment_status":"open","ping_status":"","sticky":false,"template":"","format":"standard","meta":{"footnotes":""},"categories":[17,1],"tags":[],"class_list":["post-6549","post","type-post","status-publish","format-standard","hentry","category-filosofointi","category-uncategorized"],"_links":{"self":[{"href":"http:\/\/www.kameli.net\/marq\/index.php?rest_route=\/wp\/v2\/posts\/6549","targetHints":{"allow":["GET"]}}],"collection":[{"href":"http:\/\/www.kameli.net\/marq\/index.php?rest_route=\/wp\/v2\/posts"}],"about":[{"href":"http:\/\/www.kameli.net\/marq\/index.php?rest_route=\/wp\/v2\/types\/post"}],"author":[{"embeddable":true,"href":"http:\/\/www.kameli.net\/marq\/index.php?rest_route=\/wp\/v2\/users\/1"}],"replies":[{"embeddable":true,"href":"http:\/\/www.kameli.net\/marq\/index.php?rest_route=%2Fwp%2Fv2%2Fcomments&post=6549"}],"version-history":[{"count":15,"href":"http:\/\/www.kameli.net\/marq\/index.php?rest_route=\/wp\/v2\/posts\/6549\/revisions"}],"predecessor-version":[{"id":6772,"href":"http:\/\/www.kameli.net\/marq\/index.php?rest_route=\/wp\/v2\/posts\/6549\/revisions\/6772"}],"wp:attachment":[{"href":"http:\/\/www.kameli.net\/marq\/index.php?rest_route=%2Fwp%2Fv2%2Fmedia&parent=6549"}],"wp:term":[{"taxonomy":"category","embeddable":true,"href":"http:\/\/www.kameli.net\/marq\/index.php?rest_route=%2Fwp%2Fv2%2Fcategories&post=6549"},{"taxonomy":"post_tag","embeddable":true,"href":"http:\/\/www.kameli.net\/marq\/index.php?rest_route=%2Fwp%2Fv2%2Ftags&post=6549"}],"curies":[{"name":"wp","href":"https:\/\/api.w.org\/{rel}","templated":true}]}}