{"id":6660,"date":"2021-12-12T23:26:31","date_gmt":"2021-12-12T21:26:31","guid":{"rendered":"http:\/\/www.kameli.net\/marq\/?p=6660"},"modified":"2021-12-12T23:47:41","modified_gmt":"2021-12-12T21:47:41","slug":"lantta-kohti","status":"publish","type":"post","link":"http:\/\/www.kameli.net\/marq\/?p=6660","title":{"rendered":"L\u00e4ntt\u00e4 kohti"},"content":{"rendered":"\n<p>Hitaan katselutahdin vuoksi <a href=\"https:\/\/www.imdb.com\/title\/tt0409572\/\">Into the West<\/a> -minisarjan l\u00e4pikahluu kesti parisen kuukautta \u2013 yksitt\u00e4inen jakso on toisaalta ihan t\u00e4yspitk\u00e4n leffan kokoinen, joten kuudesta osasta kertyi yli yhdeks\u00e4n tuntia n\u00e4ht\u00e4v\u00e4\u00e4. Spielbergin tuottama pl\u00e4j\u00e4ys edustaa tuoreemman p\u00e4\u00e4n l\u00e4nnenkuvauksia ja on varsin selv\u00e4sti ajanmukaisen tiedostava. Alkuper\u00e4iskansoille ts. intiaaneille annetaan paljon ruutuaikaa, ja heid\u00e4n hiljalleen kurjistuva asemansa onkin yksi alusta loppuun mukana pysyvi\u00e4 teemoja. T\u00e4ysin siloiteltua kuvaus ei silt\u00e4 osin ole, vaikka hiukan ihannoivan puolelle kallistuukin.<\/p>\n\n\n\n<div class=\"wp-block-image\"><figure class=\"aligncenter size-full is-resized\"><a href=\"http:\/\/www.kameli.net\/marq\/wp-content\/uploads\/2021\/12\/into1.png\"><img loading=\"lazy\" decoding=\"async\" src=\"http:\/\/www.kameli.net\/marq\/wp-content\/uploads\/2021\/12\/into1.png\" alt=\"\" class=\"wp-image-6664\" width=\"424\" height=\"238\" srcset=\"http:\/\/www.kameli.net\/marq\/wp-content\/uploads\/2021\/12\/into1.png 848w, http:\/\/www.kameli.net\/marq\/wp-content\/uploads\/2021\/12\/into1-300x168.png 300w, http:\/\/www.kameli.net\/marq\/wp-content\/uploads\/2021\/12\/into1-768x430.png 768w\" sizes=\"auto, (max-width: 424px) 100vw, 424px\" \/><\/a><figcaption>Kah, k\u00e4rrynPY\u00d6R\u00c4.<\/figcaption><\/figure><\/div>\n\n\n\n<p>Valkonaamojen puolelta edustettuna on <em>Wheelerin<\/em> suku, joka oikein nime\u00e4\u00e4n my\u00f6ten valmistaa k\u00e4rrynpy\u00f6ri\u00e4. Nuoriso ei tyls\u00e4st\u00e4 pakerruksesta v\u00e4ltt\u00e4m\u00e4tt\u00e4 innostu, ja suvun vesoja l\u00e4hteekin sitten moniin paikkoihin l\u00e4ntt\u00e4 kohti seikkailemaan, uudisraivaamaan ja bisnest\u00e4 tekem\u00e4\u00e4n. Py\u00f6r\u00e4-metaforaa jaksetaan kuljettaa alati mukana: k\u00e4rrynpy\u00f6r\u00e4t py\u00f6riv\u00e4t l\u00e4nteen, intiaaneilla on oma pyh\u00e4 ympyr\u00e4ns\u00e4, py\u00f6re\u00e4 kaulakoru lieraa milloin kenenkin kaulassa historian melskeiss\u00e4 ja niin edelleen. Aikaskaala ulottuu 1800-luvun alusta loppuun, mink\u00e4 aikana ehtii tapahtua yht\u00e4 sun toista. Sis\u00e4llissota kuitataan melko nopeasti, kultarynt\u00e4yksi\u00e4 n\u00e4hd\u00e4\u00e4n, intiaanisotia k\u00e4yd\u00e4\u00e4n ja loppua kohti villin l\u00e4nnen aurinko alkaa painua mailleen. Yll\u00e4tt\u00e4v\u00e4n paljon aikaa uhrattiin sille, kuinka intiaanilapsista yritettiin (ep\u00e4onnistuneesti) tehd\u00e4 kunnon kansalaisia vankilamaisessa koulussa\/kasvatuslaitoksessa \u2013 ihan tanakka todellisuuspohja t\u00e4ll\u00e4kin.<\/p>\n\n\n\n<div class=\"wp-block-image\"><figure class=\"aligncenter size-full is-resized\"><a href=\"http:\/\/www.kameli.net\/marq\/wp-content\/uploads\/2021\/12\/into2.png\"><img loading=\"lazy\" decoding=\"async\" src=\"http:\/\/www.kameli.net\/marq\/wp-content\/uploads\/2021\/12\/into2.png\" alt=\"\" class=\"wp-image-6665\" width=\"424\" height=\"237\" srcset=\"http:\/\/www.kameli.net\/marq\/wp-content\/uploads\/2021\/12\/into2.png 848w, http:\/\/www.kameli.net\/marq\/wp-content\/uploads\/2021\/12\/into2-300x167.png 300w, http:\/\/www.kameli.net\/marq\/wp-content\/uploads\/2021\/12\/into2-768x428.png 768w\" sizes=\"auto, (max-width: 424px) 100vw, 424px\" \/><\/a><figcaption>Ratsuv\u00e4ki <s>tapp<\/s>virantoimituksessa.<\/figcaption><\/figure><\/div>\n\n\n\n<p>Sarja pysyy alkupuolella hyvin kasassa, mutta puoliv\u00e4liss\u00e4 alkaa tietty lerpahdus. Er\u00e4s syy lienee se, ett\u00e4 kaikenlaiset historialliset k\u00e4\u00e4nnekohdat on pit\u00e4nyt ottaa orjallisesti mukaan, mik\u00e4 ei aina ole osunut yksiin henkil\u00f6hahmojen kehittelyn ja pienempien, sammakkoperspektiivin tarinoiden kertomisen kanssa. Joka jaksolla on eri ohjaaja, mik\u00e4 my\u00f6s varmasti selitt\u00e4\u00e4 laadun heilahtelua. Monenlaiset mielenkiintoiset r\u00f6nsyt ja hahmot unohtuvat matkan varrelle tyystin ja joskus teki suorastaan mieli tiet\u00e4\u00e4, mit\u00e4 sille tai sille tyypille lopulta k\u00e4vi. Vastaukset j\u00e4iv\u00e4t usein antamatta, eik\u00e4 yhdeks\u00e4ntuntinen oikein p\u00e4\u00e4ttynyt mihink\u00e4\u00e4n lopputulemaan, jollei sitten vanhaksi el\u00e4nyt, j\u00e4lkipolville turinoiva Jacob Wheeler ollut se. Temaattisesti <em>Into the Westiss\u00e4<\/em> oli silmiinpist\u00e4v\u00e4\u00e4 samankaltaisuutta ainakin <em>Pieni suuri mies <\/em>(1970) -leffan kanssa, tosin komiikka oli t\u00e4ss\u00e4 pidetty hyvin v\u00e4hiss\u00e4. Ei mik\u00e4\u00e4n valtava merkkiteos, mutta t\u00e4ytti l\u00e4nkk\u00e4rinkatselutarpeen paljon paremmin kuin monet viime aikoina haalimani halvat bulkkitekeleet.<\/p>\n","protected":false},"excerpt":{"rendered":"<p>Hitaan katselutahdin vuoksi Into the West -minisarjan l\u00e4pikahluu kesti parisen kuukautta \u2013 yksitt\u00e4inen jakso on toisaalta ihan t\u00e4yspitk\u00e4n leffan kokoinen, joten kuudesta osasta kertyi yli yhdeks\u00e4n tuntia n\u00e4ht\u00e4v\u00e4\u00e4. Spielbergin tuottama pl\u00e4j\u00e4ys edustaa tuoreemman p\u00e4\u00e4n l\u00e4nnenkuvauksia ja on varsin selv\u00e4sti ajanmukaisen tiedostava. Alkuper\u00e4iskansoille ts. intiaaneille annetaan paljon ruutuaikaa, ja heid\u00e4n hiljalleen kurjistuva asemansa onkin yksi alusta [&hellip;]<\/p>\n","protected":false},"author":1,"featured_media":0,"comment_status":"open","ping_status":"","sticky":false,"template":"","format":"standard","meta":{"footnotes":""},"categories":[27],"tags":[],"class_list":["post-6660","post","type-post","status-publish","format-standard","hentry","category-leffat"],"_links":{"self":[{"href":"http:\/\/www.kameli.net\/marq\/index.php?rest_route=\/wp\/v2\/posts\/6660","targetHints":{"allow":["GET"]}}],"collection":[{"href":"http:\/\/www.kameli.net\/marq\/index.php?rest_route=\/wp\/v2\/posts"}],"about":[{"href":"http:\/\/www.kameli.net\/marq\/index.php?rest_route=\/wp\/v2\/types\/post"}],"author":[{"embeddable":true,"href":"http:\/\/www.kameli.net\/marq\/index.php?rest_route=\/wp\/v2\/users\/1"}],"replies":[{"embeddable":true,"href":"http:\/\/www.kameli.net\/marq\/index.php?rest_route=%2Fwp%2Fv2%2Fcomments&post=6660"}],"version-history":[{"count":6,"href":"http:\/\/www.kameli.net\/marq\/index.php?rest_route=\/wp\/v2\/posts\/6660\/revisions"}],"predecessor-version":[{"id":6670,"href":"http:\/\/www.kameli.net\/marq\/index.php?rest_route=\/wp\/v2\/posts\/6660\/revisions\/6670"}],"wp:attachment":[{"href":"http:\/\/www.kameli.net\/marq\/index.php?rest_route=%2Fwp%2Fv2%2Fmedia&parent=6660"}],"wp:term":[{"taxonomy":"category","embeddable":true,"href":"http:\/\/www.kameli.net\/marq\/index.php?rest_route=%2Fwp%2Fv2%2Fcategories&post=6660"},{"taxonomy":"post_tag","embeddable":true,"href":"http:\/\/www.kameli.net\/marq\/index.php?rest_route=%2Fwp%2Fv2%2Ftags&post=6660"}],"curies":[{"name":"wp","href":"https:\/\/api.w.org\/{rel}","templated":true}]}}