{"id":7015,"date":"2022-10-04T17:09:45","date_gmt":"2022-10-04T15:09:45","guid":{"rendered":"http:\/\/www.kameli.net\/marq\/?p=7015"},"modified":"2022-10-13T17:52:41","modified_gmt":"2022-10-13T15:52:41","slug":"mint-20-3-ja-tyopoydat","status":"publish","type":"post","link":"http:\/\/www.kameli.net\/marq\/?p=7015","title":{"rendered":"Mint 20.3 ja ty\u00f6p\u00f6yd\u00e4t"},"content":{"rendered":"\n<p>Kuten tunnettua, <a href=\"https:\/\/linuxmint.com\/\">Linux Mintiss\u00e4<\/a> on kolme virallisesti tuettua ty\u00f6p\u00f6yt\u00e4ymp\u00e4rist\u00f6\u00e4:<\/p>\n\n\n\n<ol class=\"wp-block-list\"><li><em>Cinnamon<\/em><\/li><li><em>MATE<\/em>, jonka alla on viel\u00e4 lis\u00e4valintoina ikkunamanageriksi:<br>\n &#8211; <em>Marco<\/em><br>\n &#8211; <em>Metacity<\/em><br>\n &#8211; <em>Compiz<\/em>\n<\/li><li><em>Xfce<\/em><\/li><\/ol>\n\n\n\n<p>Itse olen ollut perinteisesti vaivainen, vain <em>Mate<\/em> matkamies maan, mutta viime aikoina on alkanut k\u00e4yd\u00e4 ilmeiseksi, ett\u00e4 kyseinen ymp\u00e4rist\u00f6 ei ole <em>Mintin<\/em> kehitt\u00e4jille en\u00e4\u00e4 mik\u00e4\u00e4n suuri prioriteetti. Niinp\u00e4 kodin koneenkierr\u00e4tysrumbassa asensin muksujen koneille <em>Cinnamonin<\/em> \u2013&nbsp;yht\u00e4\u00e4lt\u00e4 omaa vaivaa s\u00e4\u00e4st\u00e4\u00e4kseni ja toisaalta siksi, ett\u00e4 tulee itsekin siihen hieman tutustuttua. Perheen nykykoneet ovat sen verran tehokkaita, ett\u00e4 muistin tai levytilan s\u00e4\u00e4st\u00e4minen ei ole en\u00e4\u00e4 merkitt\u00e4v\u00e4 kysymys. Se kolmas vaihtoehto, <em>Xfce<\/em>, ei ole vuosien varrella ikin\u00e4 tuntunut omalta, eik\u00e4 se <em>Mateen <\/em>verrattuna ole edes kevyempi.<\/p>\n\n\n\n<p>Jos pohjalla ei ole aiempaa kokemusta ja mieltymyksi\u00e4, niin <em>Cinnamon<\/em> on ihan kelpo valinta. Voisin tietyin varauksin kuvitella sit\u00e4 jo itsekin k\u00e4ytt\u00e4v\u00e4ni, vaikka jotain <em>Matesta<\/em> tuttuja juttuja puuttuu ja osa ratkaisuista on &#8220;one size fits them all&#8221; -tyylisi\u00e4. Vastapainona saa n\u00e4ist\u00e4 kolmesta vaihtoehdosta parhaiten tuetun ymp\u00e4rist\u00f6n, jossa ei ole mit\u00e4\u00e4n ilmeist\u00e4 huutavaa puutetta. Ty\u00f6p\u00f6yt\u00e4 on kompositoitu vakiona, joten ikkunat eiv\u00e4t repeile rumasti. Itse asiassa lienee niin, ettei kompositointia edes saa pois p\u00e4\u00e4lt\u00e4 kuin koko ruudun ikkunoilta eli tyypillisesti vaikkapa peleilt\u00e4 tai videotoistimilta.<\/p>\n\n\n\n<p><em>Maten<\/em> lapsipuolen asemasta kertoo paljon se, ett\u00e4 Nvidian ajuriversiolla 510 tai 515 hela hoito eli <em>Marco<\/em> yksinkertaisesti kusahtaa (ilmeisesti yht\u00e4 lailla ja samasta syyst\u00e4 kippaa my\u00f6s <em>Metacity<\/em>). Er\u00e4s &#8220;ratkaisu&#8221; on pit\u00e4yty\u00e4 versiossa 470, mutta onhan t\u00e4m\u00e4 ongelma ollut tiedossa jo ainakin kev\u00e4\u00e4st\u00e4 asti eik\u00e4 mit\u00e4\u00e4n ole edelleenk\u00e4\u00e4n tapahtunut. Lis\u00e4ksi 470 oli ainakin omassani ja pojan vanhassa koneessa jokseenkin ep\u00e4luotettava j\u00e4m\u00e4htelij\u00e4. Vanha kettu ei panikoi ja osaa l\u00e4hte\u00e4 etsim\u00e4\u00e4n ratkaisua, mutta aloittelijalle tilanne olisi aika lohduton.<\/p>\n\n\n\n<p>No hyv\u00e4, ei sitten k\u00e4ytet\u00e4 <em>Marcoa<\/em>. Kaikenlaisia zoomeja, feidej\u00e4 ja ikkunanmuljutuksia tarjoava ikkunamanageri <em>Compiz<\/em> ei k\u00e4rsi samasta kaatuiluongelmasta. Vakiona Kumipizzan asetukset ovat melko rasittavat, mutta ahkerasti asetusty\u00f6kalua r\u00e4pelt\u00e4m\u00e4ll\u00e4 niist\u00e4 saa l\u00e4hestulkoon mieluisat. <em>Compiz<\/em> hoitaa samalla kompositoinnin, oletuksena OpenGL:n avulla (asetuksen saa poiskin, mutta sitten alkaa repeily). Mik\u00e4 sitten muka vikana, h\u00e4h? Eip\u00e4 juuri muuta kuin se, ett\u00e4 tilanteesta riippuen ikkunoiden koon muuttelu ja ihan pelkk\u00e4 liikuttelu saattaa olla t\u00f6rke\u00e4n tahmaista, etenkin jos ruudulla on vaikkapa samaan aikaan raskas webasivu. Ongelma liittyy ep\u00e4ilem\u00e4tt\u00e4 jotenkin kompositointiin, mutta eih\u00e4n t\u00e4m\u00e4 nyt vetele, jos alla on kyvyk\u00e4st\u00e4 RTX- ja Ryzen-rautaa.<\/p>\n\n\n\n<div class=\"wp-block-image\"><figure class=\"aligncenter size-full is-resized\"><a href=\"http:\/\/www.kameli.net\/marq\/wp-content\/uploads\/2022\/10\/compiz.png\"><img loading=\"lazy\" decoding=\"async\" src=\"http:\/\/www.kameli.net\/marq\/wp-content\/uploads\/2022\/10\/compiz.png\" alt=\"\" class=\"wp-image-7016\" width=\"501\" height=\"310\" srcset=\"http:\/\/www.kameli.net\/marq\/wp-content\/uploads\/2022\/10\/compiz.png 1002w, http:\/\/www.kameli.net\/marq\/wp-content\/uploads\/2022\/10\/compiz-300x185.png 300w, http:\/\/www.kameli.net\/marq\/wp-content\/uploads\/2022\/10\/compiz-768x474.png 768w\" sizes=\"auto, (max-width: 501px) 100vw, 501px\" \/><\/a><figcaption>Jos ei halua siirt\u00e4\u00e4 ikkunoita, voi kytke\u00e4 vastaavan plugarin pois k\u00e4yt\u00f6st\u00e4.<\/figcaption><\/figure><\/div>\n\n\n\n<p>Seuraava! Normaali <em>Marco<\/em> ei ole vaihtoehto, mutta ent\u00e4p\u00e4 yhdistelm\u00e4 <em>Marco+Compton?<\/em> <em>Compton <\/em>on kompositori, jonka totesin takavuosina aivan liian raskaaksi. Koneet ovat kohentuneet ja ainakin jossain m\u00e4\u00e4rin my\u00f6s <em>Compton<\/em>, vaikka se taitaa todellisuudessa olla t\u00e4t\u00e4 nyky\u00e4 <a href=\"https:\/\/github.com\/chjj\/compton\">hyl\u00e4tty projekti<\/a>. Varsinaisen kompositoinnin hoitaisi ihan n\u00e4pp\u00e4r\u00e4sti ja keve\u00e4sti Nvidian ajurikin, mutta <em>Marcon<\/em> surkeassa nykytilassa pit\u00e4\u00e4 turvautua t\u00e4h\u00e4n vaihtoehtoon siihen saakka, kunnes (lue: <strong>jos<\/strong>) korjaus ilmaantuu. Hyv\u00e4n\u00e4 puolena h\u00e4t\u00e4tilaratkaisu sent\u00e4\u00e4n toimii ja vanhan tutun Markon saa k\u00e4yntiin.<\/p>\n\n\n\n<div class=\"wp-block-image\"><figure class=\"aligncenter size-full\"><a href=\"http:\/\/www.kameli.net\/marq\/wp-content\/uploads\/2022\/10\/komptonni.png\"><img loading=\"lazy\" decoding=\"async\" width=\"313\" height=\"312\" src=\"http:\/\/www.kameli.net\/marq\/wp-content\/uploads\/2022\/10\/komptonni.png\" alt=\"\" class=\"wp-image-7017\" srcset=\"http:\/\/www.kameli.net\/marq\/wp-content\/uploads\/2022\/10\/komptonni.png 313w, http:\/\/www.kameli.net\/marq\/wp-content\/uploads\/2022\/10\/komptonni-300x300.png 300w, http:\/\/www.kameli.net\/marq\/wp-content\/uploads\/2022\/10\/komptonni-150x150.png 150w\" sizes=\"auto, (max-width: 313px) 100vw, 313px\" \/><\/a><figcaption>T\u00e4llainen kaunis varjo Lutriksen ikkunalla.<\/figcaption><\/figure><\/div>\n\n\n\n<p>Ihan n\u00e4in helpolla vaihtoehto-mintteilij\u00e4\u00e4 ei sent\u00e4\u00e4n p\u00e4\u00e4stet\u00e4, vaan j\u00e4lleen on tarpeen l\u00e4hte\u00e4 asetusten \u00e4\u00e4relle. <em>Comptonille<\/em> on oma rajoittunut asetusohjelmansa, mutta suoremmin asiaan p\u00e4\u00e4see tunkkaamalla tiedostoa <em>.config\/compton.conf<\/em>, jonka avulla saa enemm\u00e4n vaihtoehtoja n\u00e4kyville. Ponnahdusikkunoilta, menuilta ym. varjot pois, niin grafiikan bugailu putoaa jo siedett\u00e4v\u00e4lle tasolle, mink\u00e4 lis\u00e4ksi ainakin itse halusin vaalentaa ja pienent\u00e4\u00e4 varjoja. Tarjolla olisi kompositoinnin GL-kiihdytyskin, tosin sen kanssa p\u00e4\u00e4see j\u00e4lleen nauttimaan t\u00f6kkimisest\u00e4.<\/p>\n\n\n\n<p>Ihan vakuuttunut en ole t\u00e4st\u00e4k\u00e4\u00e4n ratkaisusta: kuten ylt\u00e4 n\u00e4kyy, joissakin varjoissa on kummallisia bugeja, jotka saisi varmaan halutessaan ikkunakohtaisesti fiksattua. Videotoisto tai ikkunoiden siirtely ei sent\u00e4\u00e4n repeile tai hidastele, mutta pikku kauneusvirheit\u00e4 on kyll\u00e4 l\u00f6ytynyt esimerkiksi pelien kanssa. V\u00e4lill\u00e4 <em>Compton<\/em> haukkaa hetkellisesti paljon CPU-aikaa ja vastaavasti reipas kuormitus hidastaa ikkunointia. Toistaiseksi t\u00e4m\u00e4 on kokeilluista vaihtoehdoista silti paras, joten olkoon toistaiseksi n\u00e4in. Jos <em>Marco<\/em> joskus palaa el\u00e4vien kirjoihin, niin yrit\u00e4n j\u00e4lleen sen kanssa \u2013&nbsp;takaraivossa el\u00e4\u00e4 alati my\u00f6s ajatus <em>Cinnamon<\/em>-valtavirtaan liittymisest\u00e4, niin luovuttamista kuin se olisikin.<\/p>\n\n\n\n<p><em>edit: Marco itse asiassa toimii, kunhan valinta on pelkk\u00e4 &#8220;Marco&#8221; eik\u00e4 &#8220;Marco+compositing&#8221;. Lopputuloksena on tosin aika l\u00e4s\u00e4n n\u00e4k\u00f6inen varjoton ja repeilev\u00e4 ty\u00f6p\u00f6yt\u00e4. Repeilyn korjaa toki Nvidian ajurin oma kompostori.<\/em><\/p>\n","protected":false},"excerpt":{"rendered":"<p>Kuten tunnettua, Linux Mintiss\u00e4 on kolme virallisesti tuettua ty\u00f6p\u00f6yt\u00e4ymp\u00e4rist\u00f6\u00e4: Cinnamon MATE, jonka alla on viel\u00e4 lis\u00e4valintoina ikkunamanageriksi: &#8211; Marco &#8211; Metacity &#8211; Compiz Xfce Itse olen ollut perinteisesti vaivainen, vain Mate matkamies maan, mutta viime aikoina on alkanut k\u00e4yd\u00e4 ilmeiseksi, ett\u00e4 kyseinen ymp\u00e4rist\u00f6 ei ole Mintin kehitt\u00e4jille en\u00e4\u00e4 mik\u00e4\u00e4n suuri prioriteetti. Niinp\u00e4 kodin koneenkierr\u00e4tysrumbassa asensin [&hellip;]<\/p>\n","protected":false},"author":1,"featured_media":0,"comment_status":"open","ping_status":"","sticky":false,"template":"","format":"standard","meta":{"footnotes":""},"categories":[13,24],"tags":[],"class_list":["post-7015","post","type-post","status-publish","format-standard","hentry","category-linux","category-softat"],"_links":{"self":[{"href":"http:\/\/www.kameli.net\/marq\/index.php?rest_route=\/wp\/v2\/posts\/7015","targetHints":{"allow":["GET"]}}],"collection":[{"href":"http:\/\/www.kameli.net\/marq\/index.php?rest_route=\/wp\/v2\/posts"}],"about":[{"href":"http:\/\/www.kameli.net\/marq\/index.php?rest_route=\/wp\/v2\/types\/post"}],"author":[{"embeddable":true,"href":"http:\/\/www.kameli.net\/marq\/index.php?rest_route=\/wp\/v2\/users\/1"}],"replies":[{"embeddable":true,"href":"http:\/\/www.kameli.net\/marq\/index.php?rest_route=%2Fwp%2Fv2%2Fcomments&post=7015"}],"version-history":[{"count":13,"href":"http:\/\/www.kameli.net\/marq\/index.php?rest_route=\/wp\/v2\/posts\/7015\/revisions"}],"predecessor-version":[{"id":7054,"href":"http:\/\/www.kameli.net\/marq\/index.php?rest_route=\/wp\/v2\/posts\/7015\/revisions\/7054"}],"wp:attachment":[{"href":"http:\/\/www.kameli.net\/marq\/index.php?rest_route=%2Fwp%2Fv2%2Fmedia&parent=7015"}],"wp:term":[{"taxonomy":"category","embeddable":true,"href":"http:\/\/www.kameli.net\/marq\/index.php?rest_route=%2Fwp%2Fv2%2Fcategories&post=7015"},{"taxonomy":"post_tag","embeddable":true,"href":"http:\/\/www.kameli.net\/marq\/index.php?rest_route=%2Fwp%2Fv2%2Ftags&post=7015"}],"curies":[{"name":"wp","href":"https:\/\/api.w.org\/{rel}","templated":true}]}}