{"id":8055,"date":"2024-10-13T10:50:32","date_gmt":"2024-10-13T08:50:32","guid":{"rendered":"http:\/\/www.kameli.net\/marq\/?p=8055"},"modified":"2024-10-14T19:23:06","modified_gmt":"2024-10-14T17:23:06","slug":"altit-vuosimallia-2024","status":"publish","type":"post","link":"http:\/\/www.kameli.net\/marq\/?p=8055","title":{"rendered":"Altit vuosimallia 2024"},"content":{"rendered":"\n<p><a href=\"https:\/\/www.altparty.org\/\">Alternative Party<\/a> j\u00e4rjestettiin edellisen kerran niinkin kauan kuin yksitoista vuotta sitten. Olen itse kaikki varsinaiset Altit kolunnut l\u00e4pi alkaen Turussa 1998 j\u00e4rjestetyst\u00e4 ensimm\u00e4isest\u00e4 partyst\u00e4 sek\u00e4 tehnyt silloin t\u00e4ll\u00f6in kompoon demon, joten tapahtuma on sik\u00e4li varsin tuttu. T\u00e4ll\u00e4 er\u00e4\u00e4 tapahtumapaikkana toimi yll\u00e4tt\u00e4en <a href=\"https:\/\/www.tekniikanmuseo.fi\/\">Tekniikan museo<\/a>, mik\u00e4 mahdollisti samalla ensimm\u00e4ist\u00e4 kertaa el\u00e4iss\u00e4ni sen, ett\u00e4 partyille p\u00e4\u00e4si <em>k\u00e4vellen<\/em> paikalle. Vakion\u00e4yttely ja tila loivat tietysti partylle komeat puitteet, vaikka skenepartyn n\u00e4k\u00f6kulmasta samalla menetettiinkin perinteinen mahdollisuus paikalla y\u00f6pymiseen (ja oluen sivistyneeseen nauttimiseen sis\u00e4tiloissa).<\/p>\n\n\n<div class=\"wp-block-image\">\n<figure class=\"aligncenter size-full is-resized\"><a href=\"http:\/\/www.kameli.net\/marq\/wp-content\/uploads\/2024\/10\/niksu-alt.jpg\"><img loading=\"lazy\" decoding=\"async\" width=\"800\" height=\"600\" src=\"http:\/\/www.kameli.net\/marq\/wp-content\/uploads\/2024\/10\/niksu-alt.jpg\" alt=\"\" class=\"wp-image-8056\" style=\"width:500px\" srcset=\"http:\/\/www.kameli.net\/marq\/wp-content\/uploads\/2024\/10\/niksu-alt.jpg 800w, http:\/\/www.kameli.net\/marq\/wp-content\/uploads\/2024\/10\/niksu-alt-300x225.jpg 300w, http:\/\/www.kameli.net\/marq\/wp-content\/uploads\/2024\/10\/niksu-alt-768x576.jpg 768w\" sizes=\"auto, (max-width: 800px) 100vw, 800px\" \/><\/a><figcaption class=\"wp-element-caption\">Nick Montfortin Zoom-presis<\/figcaption><\/figure><\/div>\n\n\n<p>Ensimm\u00e4iset Altit olivat kaikenlaisten marginaaliplattisten juhlaa, mutta hiljalleen ajatuksesta luovuttiin ja kaikenlainen muu &#8220;vaihtoehtoinen&#8221; siirtyi keski\u00f6\u00f6n. Itsell\u00e4ni oli tapahtuman kanssa pitk\u00e4\u00e4n tietynlainen viha-rakkaussuhde, koska en varsinaisesti diggaillut kaikkea sis\u00e4piirih\u00e4r\u00f6ily\u00e4, mit\u00e4 partyill\u00e4 ja sen ymp\u00e4rill\u00e4 py\u00f6ri. T\u00e4m\u00e4n vuoden party oli selv\u00e4sti enemm\u00e4n yleinen digitaalisen kulttuurin festivaali kuin demoparty, mutta olihan siell\u00e4 sent\u00e4\u00e4n j\u00e4lleen kompot sek\u00e4 vakiot skenenaamat paikalla. On ihan mielenkiintoista havaita, kuinka Assemblyjen valtavirtaistumista vastustamaan syntynyt tapahtuma on t\u00e4t\u00e4 nyky\u00e4 oikeastaan monessa suhteessa hyvin samanlainen kuin Iso A.<\/p>\n\n\n\n<p>K\u00e4vin paikalla parina iltana muutaman tunnin verran, joten kaikenlaista ohjelmaa j\u00e4i n\u00e4kem\u00e4tt\u00e4. Alttien demokompo ei ole ollut puhtaasti skenestandardeilla yleens\u00e4 j\u00e4rin kovatasoinen, koska isot nimet eiv\u00e4t siell\u00e4 ole useinkaan julkaisseet, ja fokus on ollut siin\u00e4 vaihtoehtoisuudessa. Sama linja piti my\u00f6s t\u00e4ll\u00e4 er\u00e4\u00e4, mutta oli mukaan taas mahtunut jokunen hyv\u00e4 idea. Professori Nick Montfort piti et\u00e4n\u00e4 esitelm\u00e4n ja osallistui my\u00f6s yhteen kompoon, mik\u00e4 nosti varmasti tapahtuman profiilia ja toi sille n\u00e4kyvyytt\u00e4 ulkomailla asti \u2013 nimekk\u00e4\u00e4t kutsuvieraat ovatkin olleet er\u00e4s Alttien kiist\u00e4m\u00e4t\u00f6n vahvuus, kun paikalla on n\u00e4hty vuosien varrella niin Jeff Minter, RJ Mical kuin Al Lowekin.<\/p>\n","protected":false},"excerpt":{"rendered":"<p>Alternative Party j\u00e4rjestettiin edellisen kerran niinkin kauan kuin yksitoista vuotta sitten. Olen itse kaikki varsinaiset Altit kolunnut l\u00e4pi alkaen Turussa 1998 j\u00e4rjestetyst\u00e4 ensimm\u00e4isest\u00e4 partyst\u00e4 sek\u00e4 tehnyt silloin t\u00e4ll\u00f6in kompoon demon, joten tapahtuma on sik\u00e4li varsin tuttu. T\u00e4ll\u00e4 er\u00e4\u00e4 tapahtumapaikkana toimi yll\u00e4tt\u00e4en Tekniikan museo, mik\u00e4 mahdollisti samalla ensimm\u00e4ist\u00e4 kertaa el\u00e4iss\u00e4ni sen, ett\u00e4 partyille p\u00e4\u00e4si k\u00e4vellen paikalle. [&hellip;]<\/p>\n","protected":false},"author":1,"featured_media":0,"comment_status":"open","ping_status":"","sticky":false,"template":"","format":"standard","meta":{"footnotes":""},"categories":[18,23,15],"tags":[],"class_list":["post-8055","post","type-post","status-publish","format-standard","hentry","category-demoskene","category-reissut","category-retro"],"_links":{"self":[{"href":"http:\/\/www.kameli.net\/marq\/index.php?rest_route=\/wp\/v2\/posts\/8055","targetHints":{"allow":["GET"]}}],"collection":[{"href":"http:\/\/www.kameli.net\/marq\/index.php?rest_route=\/wp\/v2\/posts"}],"about":[{"href":"http:\/\/www.kameli.net\/marq\/index.php?rest_route=\/wp\/v2\/types\/post"}],"author":[{"embeddable":true,"href":"http:\/\/www.kameli.net\/marq\/index.php?rest_route=\/wp\/v2\/users\/1"}],"replies":[{"embeddable":true,"href":"http:\/\/www.kameli.net\/marq\/index.php?rest_route=%2Fwp%2Fv2%2Fcomments&post=8055"}],"version-history":[{"count":5,"href":"http:\/\/www.kameli.net\/marq\/index.php?rest_route=\/wp\/v2\/posts\/8055\/revisions"}],"predecessor-version":[{"id":8061,"href":"http:\/\/www.kameli.net\/marq\/index.php?rest_route=\/wp\/v2\/posts\/8055\/revisions\/8061"}],"wp:attachment":[{"href":"http:\/\/www.kameli.net\/marq\/index.php?rest_route=%2Fwp%2Fv2%2Fmedia&parent=8055"}],"wp:term":[{"taxonomy":"category","embeddable":true,"href":"http:\/\/www.kameli.net\/marq\/index.php?rest_route=%2Fwp%2Fv2%2Fcategories&post=8055"},{"taxonomy":"post_tag","embeddable":true,"href":"http:\/\/www.kameli.net\/marq\/index.php?rest_route=%2Fwp%2Fv2%2Ftags&post=8055"}],"curies":[{"name":"wp","href":"https:\/\/api.w.org\/{rel}","templated":true}]}}