{"id":8696,"date":"2025-10-14T13:46:57","date_gmt":"2025-10-14T11:46:57","guid":{"rendered":"http:\/\/www.kameli.net\/marq\/?p=8696"},"modified":"2025-10-14T13:54:47","modified_gmt":"2025-10-14T11:54:47","slug":"windows-10n-tuomiopaiva","status":"publish","type":"post","link":"http:\/\/www.kameli.net\/marq\/?p=8696","title":{"rendered":"Windows 10:n tuomiop\u00e4iv\u00e4"},"content":{"rendered":"\n<p>Sielt\u00e4 se viimein tuli,  Windows 10:n tuen loppumisen p\u00e4iv\u00e4. Asia ei varmaan ole mennyt moneltakaan ohi, mutta nyt se muuttui &#8220;katotaan sitten joskus&#8221; -ongelmasta todellisuudeksi. Erilaisten arvioiden mukaan tilanne koskee 200\u2013400 miljoonaa tietokonetta, joista suurinta osaa odottaa todenn\u00e4k\u00f6isesti kaappiin tai serriin p\u00e4\u00e4tyminen \u2013&nbsp;oli laite sitten k\u00e4ytt\u00f6kelpoinen tai ei. Itse\u00e4ni tuen loppuminen ei juuri hetkauta, sill\u00e4 ainoat W10-koneeni ovat pari l\u00e4pp\u00e4rinraatoa, joita en ole tainnut edes k\u00e4ynnist\u00e4\u00e4 viimeiseen puoleen vuoteen. L\u00e4hipiiriss\u00e4 sen sijaan tilanne on hyvinkin ajankohtainen, kun lukuisia ty\u00f6- ja kotikoneita putoaa p\u00e4ivitysten parista.<\/p>\n\n\n\n<p>Erilaisia vaihtoehtoja on esitelty mediassa, mutta mik\u00e4\u00e4n niist\u00e4 ei ole ilmainen tai ilmiselv\u00e4. Aika moni saattaa vain jatkaa koneensa k\u00e4ytt\u00f6\u00e4 toiveikkaasti, mist\u00e4 voi seurata se, ett\u00e4 p\u00f6yd\u00e4lleen saa haittaohjelmia ja sp\u00e4mmi\u00e4 levitt\u00e4v\u00e4n zombin. ESU-ohjelman my\u00f6t\u00e4 kympille saa viel\u00e4 vuodeksi tietoturvap\u00e4ivitykset, johon liittyy kuitenkin erilaisia reunaehtoja, kuten pakotettu Microsoft-tunnuksen k\u00e4ytt\u00f6 kirjautumiseen. Ratkaisu on joka tapauksessa lyhytaikainen, kun vuoden p\u00e4\u00e4st\u00e4 sama tilanne on edess\u00e4 uudelleen.<\/p>\n\n\n\n<p>Windows 11:n voi haksoroida asentumaan my\u00f6s niihin koneisiin, joissa ei ole riitt\u00e4v\u00e4n paljon muistia, tuoretta prosessoria ja surullisenkuuluisaa TPM 2.0 -piiri\u00e4. Pertti Perusk\u00e4ytt\u00e4j\u00e4lle moinen suorite on todenn\u00e4k\u00f6isesti liian hankala, eik\u00e4 purkkaviritys luultavasti pidemm\u00e4n p\u00e4\u00e4lle edes toimi, joten j\u00e4lleen yksi huono vaihtoehto. Linux ei t\u00e4llaisiin m\u00e4nnynk\u00e4pyihin kompastu, ja t\u00e4ll\u00e4 hetkell\u00e4 se onkin taas k\u00e4v\u00e4issyt valokeilassa. Pertti-aspekti iskee valitettavasti t\u00e4ss\u00e4kin n\u00e4peille, sill\u00e4 sormi menee todenn\u00e4k\u00f6isesti suuhun jo buuttaavan muistitikun tekemisess\u00e4.<\/p>\n\n\n<div class=\"wp-block-image\">\n<figure class=\"aligncenter size-full is-resized\"><a href=\"http:\/\/www.kameli.net\/marq\/wp-content\/uploads\/2025\/10\/kk.png\"><img loading=\"lazy\" decoding=\"async\" width=\"909\" height=\"616\" src=\"http:\/\/www.kameli.net\/marq\/wp-content\/uploads\/2025\/10\/kk.png\" alt=\"\" class=\"wp-image-8697\" style=\"width:500px\" srcset=\"http:\/\/www.kameli.net\/marq\/wp-content\/uploads\/2025\/10\/kk.png 909w, http:\/\/www.kameli.net\/marq\/wp-content\/uploads\/2025\/10\/kk-300x203.png 300w, http:\/\/www.kameli.net\/marq\/wp-content\/uploads\/2025\/10\/kk-768x520.png 768w\" sizes=\"auto, (max-width: 909px) 100vw, 909px\" \/><\/a><figcaption class=\"wp-element-caption\">Kikkelis kokkelis, mit\u00e4s l\u00e4ksit nii.<\/figcaption><\/figure><\/div>\n\n\n<p>ICT-ala ei muutenkaan loista min\u00e4\u00e4n eettisen bisneksen majakkana, ja t\u00e4ll\u00e4 kertaa asiakkaittensa muroihin kusee j\u00e4lleen Microsoft. Tekopyh\u00e4 l\u00e4ssytys tietoturvasta tai k\u00e4ytt\u00f6j\u00e4rjestelm\u00e4n modernisoinnista ei juuri kiinnosta sit\u00e4 kuluttajaa, joka saa l\u00e4hte\u00e4 tietokonekaupoille t\u00e4ysin keinotekoisesta syyst\u00e4. Sivumennen saatiin samalla valtava vuori lis\u00e4\u00e4 elektroniikkaromua. J\u00e4lleenmyyji\u00e4 tilanne sent\u00e4\u00e4n ilahduttaa \u2013 kun py\u00f6r\u00e4hdin Verkkiksess\u00e4, en voinut olla huomaamatta, ett\u00e4 esille oli laitettu laajalti niit\u00e4 kalliimman p\u00e4\u00e4n l\u00e4pp\u00e4reit\u00e4. Vanhoja bisneskoneita myyv\u00e4t putiikit ovat ep\u00e4ilem\u00e4tt\u00e4 vaikeammassa asemassa, kun varastoihin uhkaa j\u00e4\u00e4d\u00e4 l\u00e4j\u00e4 myyntiin kelvotonta rautaa. Hirve\u00e4sti s\u00e4\u00e4li\u00e4 ei heillek\u00e4\u00e4n liikene, sill\u00e4 niit\u00e4 samoja raatoja on myyty aivan liian pitk\u00e4\u00e4n, kun tuen loppuminen on ollut jo hyvin tiedossa.<\/p>\n\n\n\n<p>J\u00e4tteeksi muuttuneen koneensa \u00e4\u00e4rell\u00e4 on tilaisuus reflektoida sit\u00e4, kuinka tavallinen tallaaja on suuryritysten ja niiden kehitt\u00e4mien polkuriippuvuuksien totaalinen vanki. Toisaalta tietotekniikka on monelle ns. tiedostavallekin ihmiselle sokea piste, pelkk\u00e4 ty\u00f6kalu vailla eettist\u00e4 ulottuvuutta. Kun EU onnistui pakottamaan USB-C-latauksen k\u00e4nnyk\u00f6ihin, korporaatiot (ts. Apple) joutuivat hetkellisesti n\u00f6yrtym\u00e4\u00e4n, mutta t\u00e4ll\u00e4 kertaa vastaavaa <a href=\"https:\/\/www.io-tech.fi\/uutinen\/windows-10n-esu-paivitykset-tulevat-eurooppaan-ilmaiseksi\/\">ryhtiliikett\u00e4 ei n\u00e4hty<\/a>. Laittakaahan siis suosiolla ostohousut jalkaan.<\/p>\n","protected":false},"excerpt":{"rendered":"<p>Sielt\u00e4 se viimein tuli, Windows 10:n tuen loppumisen p\u00e4iv\u00e4. Asia ei varmaan ole mennyt moneltakaan ohi, mutta nyt se muuttui &#8220;katotaan sitten joskus&#8221; -ongelmasta todellisuudeksi. Erilaisten arvioiden mukaan tilanne koskee 200\u2013400 miljoonaa tietokonetta, joista suurinta osaa odottaa todenn\u00e4k\u00f6isesti kaappiin tai serriin p\u00e4\u00e4tyminen \u2013&nbsp;oli laite sitten k\u00e4ytt\u00f6kelpoinen tai ei. Itse\u00e4ni tuen loppuminen ei juuri hetkauta, sill\u00e4 [&hellip;]<\/p>\n","protected":false},"author":1,"featured_media":0,"comment_status":"open","ping_status":"","sticky":false,"template":"","format":"standard","meta":{"footnotes":""},"categories":[17,13,1,24],"tags":[],"class_list":["post-8696","post","type-post","status-publish","format-standard","hentry","category-filosofointi","category-linux","category-uncategorized","category-softat"],"_links":{"self":[{"href":"http:\/\/www.kameli.net\/marq\/index.php?rest_route=\/wp\/v2\/posts\/8696","targetHints":{"allow":["GET"]}}],"collection":[{"href":"http:\/\/www.kameli.net\/marq\/index.php?rest_route=\/wp\/v2\/posts"}],"about":[{"href":"http:\/\/www.kameli.net\/marq\/index.php?rest_route=\/wp\/v2\/types\/post"}],"author":[{"embeddable":true,"href":"http:\/\/www.kameli.net\/marq\/index.php?rest_route=\/wp\/v2\/users\/1"}],"replies":[{"embeddable":true,"href":"http:\/\/www.kameli.net\/marq\/index.php?rest_route=%2Fwp%2Fv2%2Fcomments&post=8696"}],"version-history":[{"count":6,"href":"http:\/\/www.kameli.net\/marq\/index.php?rest_route=\/wp\/v2\/posts\/8696\/revisions"}],"predecessor-version":[{"id":8703,"href":"http:\/\/www.kameli.net\/marq\/index.php?rest_route=\/wp\/v2\/posts\/8696\/revisions\/8703"}],"wp:attachment":[{"href":"http:\/\/www.kameli.net\/marq\/index.php?rest_route=%2Fwp%2Fv2%2Fmedia&parent=8696"}],"wp:term":[{"taxonomy":"category","embeddable":true,"href":"http:\/\/www.kameli.net\/marq\/index.php?rest_route=%2Fwp%2Fv2%2Fcategories&post=8696"},{"taxonomy":"post_tag","embeddable":true,"href":"http:\/\/www.kameli.net\/marq\/index.php?rest_route=%2Fwp%2Fv2%2Ftags&post=8696"}],"curies":[{"name":"wp","href":"https:\/\/api.w.org\/{rel}","templated":true}]}}